{"id":14289,"date":"2026-04-15T11:00:54","date_gmt":"2026-04-15T11:00:54","guid":{"rendered":"https:\/\/www.atelierdocaractere.pt\/brevemente\/?p=14289"},"modified":"2026-04-16T11:05:12","modified_gmt":"2026-04-16T11:05:12","slug":"team-hyundai-portugal-inicia-defesa-do-titulo-no-rali-terras-daboboreira-com-ambicao-reforcada","status":"publish","type":"post","link":"https:\/\/www.atelierdocaractere.pt\/brevemente\/team-hyundai-portugal-inicia-defesa-do-titulo-no-rali-terras-daboboreira-com-ambicao-reforcada\/","title":{"rendered":"Team Hyundai Portugal inicia defesa do t\u00edtulo no Rali Terras D&#8217;Aboboreira com ambi\u00e7\u00e3o refor\u00e7ada"},"content":{"rendered":"\n<p><strong>\u00b7\u00a0\u00a0\u00a0\u00a0\u00a0\u00a0\u00a0As duplas Gon\u00e7alo Henriques\/In\u00eas Veiga e Hugo Lopes\/Magda Oliveira partem determinadas em lutar pela vit\u00f3ria.<\/strong><\/p>\n\n\n\n<p><strong>\u00b7\u00a0\u00a0\u00a0\u00a0\u00a0\u00a0\u00a0Hyundai i20 N Rally2 estreia, em pisos de terra, evolu\u00e7\u00f5es t\u00e9cnicas do pacote Step2.<\/strong><\/p>\n\n\n\n<p><strong>\u00b7\u00a0\u00a0\u00a0\u00a0\u00a0\u00a0\u00a0Rali Terras D\u2019Aboboreira \u00e9 a prova de abertura de uma temporada que se perspetiva emocionante.<\/strong><\/p>\n\n\n\n<figure class=\"wp-block-image size-large\"><img decoding=\"async\" width=\"1024\" height=\"683\" src=\"https:\/\/www.atelierdocaractere.pt\/wp-content\/uploads\/2026\/04\/goncalo-henriques2-1024x683.jpg\" alt=\"\" class=\"wp-image-14290\" srcset=\"https:\/\/www.atelierdocaractere.pt\/wp-content\/uploads\/2026\/04\/goncalo-henriques2-1024x683.jpg 1024w, https:\/\/www.atelierdocaractere.pt\/wp-content\/uploads\/2026\/04\/goncalo-henriques2-300x200.jpg 300w, https:\/\/www.atelierdocaractere.pt\/wp-content\/uploads\/2026\/04\/goncalo-henriques2-768x512.jpg 768w, https:\/\/www.atelierdocaractere.pt\/wp-content\/uploads\/2026\/04\/goncalo-henriques2-1536x1024.jpg 1536w, https:\/\/www.atelierdocaractere.pt\/wp-content\/uploads\/2026\/04\/goncalo-henriques2-900x600.jpg 900w, https:\/\/www.atelierdocaractere.pt\/wp-content\/uploads\/2026\/04\/goncalo-henriques2-675x450.jpg 675w, https:\/\/www.atelierdocaractere.pt\/wp-content\/uploads\/2026\/04\/goncalo-henriques2.jpg 1920w\" sizes=\"(max-width: 1024px) 100vw, 1024px\" \/><\/figure>\n\n\n\n<p>O Team Hyundai Portugal arranca, esta semana, a sua oitava temporada consecutiva no Campeonato de Portugal de Ralis (CPR), entrando no Rali Terras D\u2019Aboboreira (17 e 18 de abril) com um objetivo claro: prolongar a hegemonia alcan\u00e7ada nas \u00faltimas tr\u00eas \u00e9pocas.<\/p>\n\n\n\n<p>Com um total de 21 vit\u00f3rias e quatro t\u00edtulos conquistados em oito \u00e9pocas \u2013 os \u00faltimos tr\u00eas consecutivos \u2013 a equipa apresenta-se \u00e0 partida da prova de abertura do calend\u00e1rio com as duplas Gon\u00e7alo Henriques\/In\u00eas Veiga e Hugo Lopes\/Magda Oliveira, refor\u00e7ando a aposta na nova gera\u00e7\u00e3o de pilotos portugueses, que concilia talento e ambi\u00e7\u00e3o. Duas forma\u00e7\u00f5es oriundas do programa FPAK J\u00fanior Team.<\/p>\n\n\n\n<p>Depois de uma pr\u00e9-temporada marcada por dois positivos dias de testes, em pisos de terra, os pilotos mostraram-se confiantes com o comportamento e competitividade revelados pelo Hyundai i20 N Rally2, que se apresenta nesta prova com as mais recentes evolu\u00e7\u00f5es t\u00e9cnicas desenvolvidas pela Hyundai Motorsport. O pacote Step2 inclui novas op\u00e7\u00f5es de diferencial, rela\u00e7\u00f5es de caixa de velocidades mais curtas e atualiza\u00e7\u00f5es ao n\u00edvel da geometria da suspens\u00e3o.<\/p>\n\n\n\n<p><strong>Gon\u00e7alo Henriques: \u201cAs expectativas s\u00e3o altas\u201d<\/strong><\/p>\n\n\n\n<p>Com In\u00eas Veiga a ditar as notas, Gon\u00e7alo Henriques encara a prova de abertura do calend\u00e1rio com ambi\u00e7\u00e3o: \u201c As expectativas s\u00e3o altas. Sentimo-nos muito confort\u00e1veis no Hyundai i20 N Rally2, ap\u00f3s dois dias de testes muito positivos, onde experiment\u00e1mos v\u00e1rias solu\u00e7\u00f5es. O carro est\u00e1 muito divertido e f\u00e1cil de guiar, o que nos deixa confiantes, at\u00e9 por serem esperados pisos secos\u201d.<\/p>\n\n\n\n<p>Sobre o percurso, Gon\u00e7alo Henriques admite: \u201cEmbora prefira tro\u00e7os mais largos e de piso duro, tenho-me sentido cada vez mais \u00e0 vontade nos pisos macios, como os da Aboboreira. Acredito que podemos ser r\u00e1pidos. Vamos trabalhar muito para que este seja um rali feliz para n\u00f3s\u201d.<\/p>\n\n\n\n<p>Consciente da competitividade do CPR, o jovem piloto de Vila Nova de Poiares v\u00ea na concorr\u00eancia um est\u00edmulo adicional: \u201cSabemos que vamos ter advers\u00e1rios muito fortes, que nos v\u00e3o obrigar a trabalhar mais do que nunca. Mas \u00e9 exatamente isso que queremos: evoluir ao lado de pilotos r\u00e1pidos e disputar ralis ao mais alto n\u00edvel\u201d.<\/p>\n\n\n\n<p>Quanto aos objetivos, n\u00e3o esconde a ambi\u00e7\u00e3o: \u201cAs nossas metas s\u00e3o claras: lutar por vit\u00f3rias e, no final, pelo t\u00edtulo. Queremos fazer o nosso caminho degrau a degrau, sem press\u00e3o, mas com a ambi\u00e7\u00e3o de sermos campe\u00f5es e dar ao Team Hyundai Portugal o quarto t\u00edtulo consecutivo\u201d.<\/p>\n\n\n\n<p><strong>Hugo Lopes: \u201cLutar por vit\u00f3rias e pelo t\u00edtulo\u201d<\/strong><\/p>\n\n\n\n<p>Para Hugo Lopes, que volta a ser navegado por Magda Oliveira, \u201co Rali Terras D\u2019Aboboreira tem dos tro\u00e7os de terra mais espetaculares do pa\u00eds\u201d.<\/p>\n\n\n\n<p>A estrat\u00e9gia do piloto de Viseu para a prova est\u00e1 delineada: \u201cO foco \u00e9 entrarmos logo bem na classificativa de Amarante, que abre os dias de sexta-feira e s\u00e1bado. \u00c9 um tro\u00e7o longo, onde \u00e9 preciso manter um ritmo s\u00f3lido e sem erros, para percebermos onde nos situamos perante a concorr\u00eancia e garantir uma boa posi\u00e7\u00e3o na estrada para s\u00e1bado. Tamb\u00e9m o Mar\u00e3o ser\u00e1 desafiante, por ser feito no sentido inverso ao do ano passado e muito a subir, exigindo um bom ritmo desde o in\u00edcio. Agora \u00e9 preparar bem os reconhecimentos para entrar no rali focado num bom resultado\u201d.<\/p>\n\n\n\n<p>Ap\u00f3s um ano de aprendizagem, Hugo Lopes assume a ambi\u00e7\u00e3o: \u201cEstamos muito contentes e orgulhosos por competir a tempo inteiro no campeonato com o Team Hyundai Portugal. Depois de mais de um ano sem andarmos em pisos de terra, o Hyundai i20 N Rally2 transmitiu-nos \u00f3timas sensa\u00e7\u00f5es nos testes e sentimos que estamos preparados. N\u00e3o temos d\u00favidas de que o campeonato vai ser muito competitivo, com uma mistura interessante de gera\u00e7\u00f5es, mas queremos afirmar-nos como uma das principais figuras em todas as provas, e lutar por vit\u00f3rias e pelo t\u00edtulo\u201d.<\/p>\n\n\n\n<p><strong>Jorge Costa, COO Hyundai Portugal: \u201cO nosso objetivo \u00e9 claro: revalidar o t\u00edtulo pelo quarto ano consecutivo\u201d<\/strong><\/p>\n\n\n\n<p>\u201cEntramos nesta primeira prova com uma ambi\u00e7\u00e3o renovada e o compromisso de elevar ainda mais o n\u00edvel do Team Hyundai Portugal. O nosso objetivo \u00e9 claro: revalidar o t\u00edtulo pelo quarto ano consecutivo e dar aos nossos seguidores mais uma temporada repleta de conquistas.\u201d<\/p>\n\n\n\n<p>\u00a0<strong>Um arranque exigente no Norte do pa\u00eds<\/strong><\/p>\n\n\n\n<p>O Rali Terras D\u2019Aboboreira, organizado pelo Clube Autom\u00f3vel de Amarante, apresenta-se, em 2026, com um percurso renovado e mais seletivo, distribu\u00eddo pelos concelhos de Amarante, Bai\u00e3o e Marco de Canaveses.<\/p>\n\n\n\n<p>Entre as principais novidades destacam-se o regresso do Qualifying, na manh\u00e3 de sexta-feira, em Vila Boa de Quires (3,47 km), e um conjunto de classificativas mais longas e t\u00e9cnicas, incluindo a exigente dupla passagem por Aboboreira, sendo a segunda a Power Stage decisiva para a atribui\u00e7\u00e3o de pontos adicionais.<\/p>\n\n\n\n<p>Para o Team Hyundai Portugal, este \u00e9 o primeiro rali de uma \u00e9poca em que tem como objetivo conquistar o tetracampeonato.<\/p>\n\n\n\n<p><strong>Acompanhe o Team Hyundai Portugal<\/strong><\/p>\n\n\n\n<p>Todas as novidades, bastidores e resultados do Team Hyundai Portugal podem ser acompanhados nas p\u00e1ginas oficiais da equipa no&nbsp;<a href=\"https:\/\/www.facebook.com\/teamhyundaiportugal\/?locale=pt_PT\">Facebook<\/a>&nbsp;e&nbsp;<a href=\"https:\/\/www.instagram.com\/teamhyundaiportugal\/\">Instagram<\/a>.<\/p>\n\n\n\n<p><strong>Hor\u00e1rio do Rali Terras D\u2019Aboboreira 2026<\/strong><\/p>\n\n\n\n<p><strong>Sexta-feira (17 abril)<br><\/strong>08h00\/10h00 Qualifying em Vila Boa de Quires (3,47 km)<br>10h00\/12h00 Shakedown em Vila Boa de Quires (3,47 km)<br>15h30 Partida (Amarante)<br>16h00 PEC 1 \u2013 Amarante (22,70 km)<br>17h00 PEC 2 \u2013 Mar\u00e3o (12,29 km)<br>18h15\/18h30 Assist\u00eancia remota (Tijelinho)<br>Reagrupamento (Tijelinho)<br>21h00 PEC 3 \u2013 Bai\u00e3o Vida Natural (1,75 km)<br>22h00\/22h45 Parque de Assist\u00eancia (SCOF)<br>22h50 Parque Fechado (Metalocardoso<\/p>\n\n\n\n<p><strong>S\u00e1bado (18 abril)<br><\/strong>08h00 Partida (Metalocardoso)<br>09h00 PEC 4 \u2013 Amarante 2<br>10h00 PEC 5 \u2013 Mar\u00e3o 2\u00a0<br>10h48\/11h33 Reagrupamento (Metalocardoso)<br>11h35\/12h05 Parque de Assist\u00eancia (SCOF)<br>13h00 PEC 6 \u2013Aboboreira (21,54 km)<br>14h05 PEC 7 \u2013 Bai\u00e3o (7,40 km)<br>15h15\/16h00 Reagrupamento (Marco de Canaveses\/Largo da Feira)<br>16h30 PEC 8 \u2013 Aboboreira 2 \u2013 Power Stage<br>18h00 Final da prova em Amarante (Parque Ribeirinho)\u00a0\u00a0<\/p>\n","protected":false},"excerpt":{"rendered":"<p>\u00b7\u00a0\u00a0\u00a0\u00a0\u00a0\u00a0\u00a0As duplas Gon\u00e7alo Henriques\/In\u00eas Veiga e Hugo Lopes\/Magda Oliveira partem determinadas em lutar pela vit\u00f3ria. \u00b7\u00a0\u00a0\u00a0\u00a0\u00a0\u00a0\u00a0Hyundai i20 N Rally2 estreia,&#8230;<\/p>\n","protected":false},"author":7,"featured_media":14290,"comment_status":"closed","ping_status":"open","sticky":false,"template":"","format":"standard","meta":[],"categories":[24],"tags":[934],"yoast_head":"<!-- This site is optimized with the Yoast SEO plugin v20.12 - https:\/\/yoast.com\/wordpress\/plugins\/seo\/ -->\n<title>Team Hyundai Portugal inicia defesa do t\u00edtulo no Rali Terras D&#039;Aboboreira com ambi\u00e7\u00e3o refor\u00e7ada - Atelier do Caractere<\/title>\n<meta name=\"robots\" content=\"index, follow, max-snippet:-1, max-image-preview:large, max-video-preview:-1\" \/>\n<link rel=\"canonical\" href=\"https:\/\/www.atelierdocaractere.pt\/brevemente\/team-hyundai-portugal-inicia-defesa-do-titulo-no-rali-terras-daboboreira-com-ambicao-reforcada\/\" \/>\n<meta property=\"og:locale\" content=\"pt_PT\" \/>\n<meta property=\"og:type\" content=\"article\" \/>\n<meta property=\"og:title\" content=\"Team Hyundai Portugal inicia defesa do t\u00edtulo no Rali Terras D&#039;Aboboreira com ambi\u00e7\u00e3o refor\u00e7ada - Atelier do Caractere\" \/>\n<meta property=\"og:description\" content=\"\u00b7\u00a0\u00a0\u00a0\u00a0\u00a0\u00a0\u00a0As duplas Gon\u00e7alo Henriques\/In\u00eas Veiga e Hugo Lopes\/Magda Oliveira partem determinadas em lutar pela vit\u00f3ria. \u00b7\u00a0\u00a0\u00a0\u00a0\u00a0\u00a0\u00a0Hyundai i20 N Rally2 estreia,...\" \/>\n<meta property=\"og:url\" content=\"https:\/\/www.atelierdocaractere.pt\/brevemente\/team-hyundai-portugal-inicia-defesa-do-titulo-no-rali-terras-daboboreira-com-ambicao-reforcada\/\" \/>\n<meta property=\"og:site_name\" content=\"Atelier do Caractere\" \/>\n<meta property=\"article:publisher\" content=\"https:\/\/www.facebook.com\/AtelierdoCaractere\" \/>\n<meta property=\"article:published_time\" content=\"2026-04-15T11:00:54+00:00\" \/>\n<meta property=\"article:modified_time\" content=\"2026-04-16T11:05:12+00:00\" \/>\n<meta property=\"og:image\" content=\"https:\/\/www.atelierdocaractere.pt\/wp-content\/uploads\/2026\/04\/goncalo-henriques2.jpg\" \/>\n\t<meta property=\"og:image:width\" content=\"1920\" \/>\n\t<meta property=\"og:image:height\" content=\"1280\" \/>\n\t<meta property=\"og:image:type\" content=\"image\/jpeg\" \/>\n<meta name=\"author\" content=\"Joana Barbosa\" \/>\n<meta name=\"twitter:card\" content=\"summary_large_image\" \/>\n<meta name=\"twitter:label1\" content=\"Escrito por\" \/>\n\t<meta name=\"twitter:data1\" content=\"Joana Barbosa\" \/>\n\t<meta name=\"twitter:label2\" content=\"Tempo estimado de leitura\" \/>\n\t<meta name=\"twitter:data2\" content=\"6 minutos\" \/>\n<script type=\"application\/ld+json\" class=\"yoast-schema-graph\">{\"@context\":\"https:\/\/schema.org\",\"@graph\":[{\"@type\":\"WebPage\",\"@id\":\"https:\/\/www.atelierdocaractere.pt\/brevemente\/team-hyundai-portugal-inicia-defesa-do-titulo-no-rali-terras-daboboreira-com-ambicao-reforcada\/\",\"url\":\"https:\/\/www.atelierdocaractere.pt\/brevemente\/team-hyundai-portugal-inicia-defesa-do-titulo-no-rali-terras-daboboreira-com-ambicao-reforcada\/\",\"name\":\"Team Hyundai Portugal inicia defesa do t\u00edtulo no Rali Terras D'Aboboreira com ambi\u00e7\u00e3o refor\u00e7ada - Atelier do Caractere\",\"isPartOf\":{\"@id\":\"https:\/\/www.atelierdocaractere.pt\/brevemente\/#website\"},\"datePublished\":\"2026-04-15T11:00:54+00:00\",\"dateModified\":\"2026-04-16T11:05:12+00:00\",\"author\":{\"@id\":\"https:\/\/www.atelierdocaractere.pt\/brevemente\/#\/schema\/person\/f2f096eb0f27d9894725af22cb97c0db\"},\"breadcrumb\":{\"@id\":\"https:\/\/www.atelierdocaractere.pt\/brevemente\/team-hyundai-portugal-inicia-defesa-do-titulo-no-rali-terras-daboboreira-com-ambicao-reforcada\/#breadcrumb\"},\"inLanguage\":\"pt-PT\",\"potentialAction\":[{\"@type\":\"ReadAction\",\"target\":[\"https:\/\/www.atelierdocaractere.pt\/brevemente\/team-hyundai-portugal-inicia-defesa-do-titulo-no-rali-terras-daboboreira-com-ambicao-reforcada\/\"]}]},{\"@type\":\"BreadcrumbList\",\"@id\":\"https:\/\/www.atelierdocaractere.pt\/brevemente\/team-hyundai-portugal-inicia-defesa-do-titulo-no-rali-terras-daboboreira-com-ambicao-reforcada\/#breadcrumb\",\"itemListElement\":[{\"@type\":\"ListItem\",\"position\":1,\"name\":\"In\u00edcio\",\"item\":\"https:\/\/www.atelierdocaractere.pt\/brevemente\/\"},{\"@type\":\"ListItem\",\"position\":2,\"name\":\"Team Hyundai Portugal inicia defesa do t\u00edtulo no Rali Terras D&#8217;Aboboreira com ambi\u00e7\u00e3o refor\u00e7ada\"}]},{\"@type\":\"WebSite\",\"@id\":\"https:\/\/www.atelierdocaractere.pt\/brevemente\/#website\",\"url\":\"https:\/\/www.atelierdocaractere.pt\/brevemente\/\",\"name\":\"Atelier do Caractere\",\"description\":\"\",\"potentialAction\":[{\"@type\":\"SearchAction\",\"target\":{\"@type\":\"EntryPoint\",\"urlTemplate\":\"https:\/\/www.atelierdocaractere.pt\/brevemente\/?s={search_term_string}\"},\"query-input\":\"required name=search_term_string\"}],\"inLanguage\":\"pt-PT\"},{\"@type\":\"Person\",\"@id\":\"https:\/\/www.atelierdocaractere.pt\/brevemente\/#\/schema\/person\/f2f096eb0f27d9894725af22cb97c0db\",\"name\":\"Joana Barbosa\",\"image\":{\"@type\":\"ImageObject\",\"inLanguage\":\"pt-PT\",\"@id\":\"https:\/\/www.atelierdocaractere.pt\/brevemente\/#\/schema\/person\/image\/\",\"url\":\"https:\/\/secure.gravatar.com\/avatar\/33e8214b45e9d68a3a83008731075979?s=96&d=mm&r=g\",\"contentUrl\":\"https:\/\/secure.gravatar.com\/avatar\/33e8214b45e9d68a3a83008731075979?s=96&d=mm&r=g\",\"caption\":\"Joana Barbosa\"},\"url\":\"https:\/\/www.atelierdocaractere.pt\/brevemente\/author\/joanabarbosa\/\"}]}<\/script>\n<!-- \/ Yoast SEO plugin. -->","yoast_head_json":{"title":"Team Hyundai Portugal inicia defesa do t\u00edtulo no Rali Terras D'Aboboreira com ambi\u00e7\u00e3o refor\u00e7ada - Atelier do Caractere","robots":{"index":"index","follow":"follow","max-snippet":"max-snippet:-1","max-image-preview":"max-image-preview:large","max-video-preview":"max-video-preview:-1"},"canonical":"https:\/\/www.atelierdocaractere.pt\/brevemente\/team-hyundai-portugal-inicia-defesa-do-titulo-no-rali-terras-daboboreira-com-ambicao-reforcada\/","og_locale":"pt_PT","og_type":"article","og_title":"Team Hyundai Portugal inicia defesa do t\u00edtulo no Rali Terras D'Aboboreira com ambi\u00e7\u00e3o refor\u00e7ada - Atelier do Caractere","og_description":"\u00b7\u00a0\u00a0\u00a0\u00a0\u00a0\u00a0\u00a0As duplas Gon\u00e7alo Henriques\/In\u00eas Veiga e Hugo Lopes\/Magda Oliveira partem determinadas em lutar pela vit\u00f3ria. \u00b7\u00a0\u00a0\u00a0\u00a0\u00a0\u00a0\u00a0Hyundai i20 N Rally2 estreia,...","og_url":"https:\/\/www.atelierdocaractere.pt\/brevemente\/team-hyundai-portugal-inicia-defesa-do-titulo-no-rali-terras-daboboreira-com-ambicao-reforcada\/","og_site_name":"Atelier do Caractere","article_publisher":"https:\/\/www.facebook.com\/AtelierdoCaractere","article_published_time":"2026-04-15T11:00:54+00:00","article_modified_time":"2026-04-16T11:05:12+00:00","og_image":[{"width":1920,"height":1280,"url":"https:\/\/www.atelierdocaractere.pt\/wp-content\/uploads\/2026\/04\/goncalo-henriques2.jpg","type":"image\/jpeg"}],"author":"Joana Barbosa","twitter_card":"summary_large_image","twitter_misc":{"Escrito por":"Joana Barbosa","Tempo estimado de leitura":"6 minutos"},"schema":{"@context":"https:\/\/schema.org","@graph":[{"@type":"WebPage","@id":"https:\/\/www.atelierdocaractere.pt\/brevemente\/team-hyundai-portugal-inicia-defesa-do-titulo-no-rali-terras-daboboreira-com-ambicao-reforcada\/","url":"https:\/\/www.atelierdocaractere.pt\/brevemente\/team-hyundai-portugal-inicia-defesa-do-titulo-no-rali-terras-daboboreira-com-ambicao-reforcada\/","name":"Team Hyundai Portugal inicia defesa do t\u00edtulo no Rali Terras D'Aboboreira com ambi\u00e7\u00e3o refor\u00e7ada - Atelier do Caractere","isPartOf":{"@id":"https:\/\/www.atelierdocaractere.pt\/brevemente\/#website"},"datePublished":"2026-04-15T11:00:54+00:00","dateModified":"2026-04-16T11:05:12+00:00","author":{"@id":"https:\/\/www.atelierdocaractere.pt\/brevemente\/#\/schema\/person\/f2f096eb0f27d9894725af22cb97c0db"},"breadcrumb":{"@id":"https:\/\/www.atelierdocaractere.pt\/brevemente\/team-hyundai-portugal-inicia-defesa-do-titulo-no-rali-terras-daboboreira-com-ambicao-reforcada\/#breadcrumb"},"inLanguage":"pt-PT","potentialAction":[{"@type":"ReadAction","target":["https:\/\/www.atelierdocaractere.pt\/brevemente\/team-hyundai-portugal-inicia-defesa-do-titulo-no-rali-terras-daboboreira-com-ambicao-reforcada\/"]}]},{"@type":"BreadcrumbList","@id":"https:\/\/www.atelierdocaractere.pt\/brevemente\/team-hyundai-portugal-inicia-defesa-do-titulo-no-rali-terras-daboboreira-com-ambicao-reforcada\/#breadcrumb","itemListElement":[{"@type":"ListItem","position":1,"name":"In\u00edcio","item":"https:\/\/www.atelierdocaractere.pt\/brevemente\/"},{"@type":"ListItem","position":2,"name":"Team Hyundai Portugal inicia defesa do t\u00edtulo no Rali Terras D&#8217;Aboboreira com ambi\u00e7\u00e3o refor\u00e7ada"}]},{"@type":"WebSite","@id":"https:\/\/www.atelierdocaractere.pt\/brevemente\/#website","url":"https:\/\/www.atelierdocaractere.pt\/brevemente\/","name":"Atelier do Caractere","description":"","potentialAction":[{"@type":"SearchAction","target":{"@type":"EntryPoint","urlTemplate":"https:\/\/www.atelierdocaractere.pt\/brevemente\/?s={search_term_string}"},"query-input":"required name=search_term_string"}],"inLanguage":"pt-PT"},{"@type":"Person","@id":"https:\/\/www.atelierdocaractere.pt\/brevemente\/#\/schema\/person\/f2f096eb0f27d9894725af22cb97c0db","name":"Joana Barbosa","image":{"@type":"ImageObject","inLanguage":"pt-PT","@id":"https:\/\/www.atelierdocaractere.pt\/brevemente\/#\/schema\/person\/image\/","url":"https:\/\/secure.gravatar.com\/avatar\/33e8214b45e9d68a3a83008731075979?s=96&d=mm&r=g","contentUrl":"https:\/\/secure.gravatar.com\/avatar\/33e8214b45e9d68a3a83008731075979?s=96&d=mm&r=g","caption":"Joana Barbosa"},"url":"https:\/\/www.atelierdocaractere.pt\/brevemente\/author\/joanabarbosa\/"}]}},"_links":{"self":[{"href":"https:\/\/www.atelierdocaractere.pt\/brevemente\/wp-json\/wp\/v2\/posts\/14289"}],"collection":[{"href":"https:\/\/www.atelierdocaractere.pt\/brevemente\/wp-json\/wp\/v2\/posts"}],"about":[{"href":"https:\/\/www.atelierdocaractere.pt\/brevemente\/wp-json\/wp\/v2\/types\/post"}],"author":[{"embeddable":true,"href":"https:\/\/www.atelierdocaractere.pt\/brevemente\/wp-json\/wp\/v2\/users\/7"}],"replies":[{"embeddable":true,"href":"https:\/\/www.atelierdocaractere.pt\/brevemente\/wp-json\/wp\/v2\/comments?post=14289"}],"version-history":[{"count":1,"href":"https:\/\/www.atelierdocaractere.pt\/brevemente\/wp-json\/wp\/v2\/posts\/14289\/revisions"}],"predecessor-version":[{"id":14291,"href":"https:\/\/www.atelierdocaractere.pt\/brevemente\/wp-json\/wp\/v2\/posts\/14289\/revisions\/14291"}],"wp:featuredmedia":[{"embeddable":true,"href":"https:\/\/www.atelierdocaractere.pt\/brevemente\/wp-json\/wp\/v2\/media\/14290"}],"wp:attachment":[{"href":"https:\/\/www.atelierdocaractere.pt\/brevemente\/wp-json\/wp\/v2\/media?parent=14289"}],"wp:term":[{"taxonomy":"category","embeddable":true,"href":"https:\/\/www.atelierdocaractere.pt\/brevemente\/wp-json\/wp\/v2\/categories?post=14289"},{"taxonomy":"post_tag","embeddable":true,"href":"https:\/\/www.atelierdocaractere.pt\/brevemente\/wp-json\/wp\/v2\/tags?post=14289"}],"curies":[{"name":"wp","href":"https:\/\/api.w.org\/{rel}","templated":true}]}}