{"id":14296,"date":"2026-04-24T11:28:48","date_gmt":"2026-04-24T11:28:48","guid":{"rendered":"https:\/\/www.atelierdocaractere.pt\/brevemente\/?p=14296"},"modified":"2026-04-24T11:28:56","modified_gmt":"2026-04-24T11:28:56","slug":"centro-de-portugal-reforca-presenca-estrategica-no-mercado-brasileiro","status":"publish","type":"post","link":"https:\/\/www.atelierdocaractere.pt\/brevemente\/centro-de-portugal-reforca-presenca-estrategica-no-mercado-brasileiro\/","title":{"rendered":"Centro de Portugal refor\u00e7a presen\u00e7a estrat\u00e9gica no mercado brasileiro"},"content":{"rendered":"\n<p><strong>Participa\u00e7\u00e3o na WTM Latin America consolida rela\u00e7\u00f5es com operadores e projeta novos roteiros para 2026 e 2027.<\/strong><\/p>\n\n\n\n<figure class=\"wp-block-image size-large\"><img decoding=\"async\" width=\"1024\" height=\"768\" src=\"https:\/\/www.atelierdocaractere.pt\/wp-content\/uploads\/2026\/04\/e9d17302-514c-10c1-391b-0c6ffc96b5f6-1024x768.jpg\" alt=\"\" class=\"wp-image-14297\" srcset=\"https:\/\/www.atelierdocaractere.pt\/wp-content\/uploads\/2026\/04\/e9d17302-514c-10c1-391b-0c6ffc96b5f6-1024x768.jpg 1024w, https:\/\/www.atelierdocaractere.pt\/wp-content\/uploads\/2026\/04\/e9d17302-514c-10c1-391b-0c6ffc96b5f6-300x225.jpg 300w, https:\/\/www.atelierdocaractere.pt\/wp-content\/uploads\/2026\/04\/e9d17302-514c-10c1-391b-0c6ffc96b5f6-768x576.jpg 768w, https:\/\/www.atelierdocaractere.pt\/wp-content\/uploads\/2026\/04\/e9d17302-514c-10c1-391b-0c6ffc96b5f6.jpg 1200w\" sizes=\"(max-width: 1024px) 100vw, 1024px\" \/><\/figure>\n\n\n\n<p>O\u00a0<strong>Centro de Portugal<\/strong>, atrav\u00e9s da sua\u00a0<strong>Ag\u00eancia Regional de Promo\u00e7\u00e3o Tur\u00edstica<\/strong>, participou de forma muito ativa na\u00a0<strong>WTM Latin America<\/strong>, em S\u00e3o Paulo, Brasil, a maior e mais relevante feira de turismo da Am\u00e9rica Latina.<br>\u00a0<br>De 14 a 16 de abril, a comitiva regional, liderada pelo presidente\u00a0<strong>Rui Ventura<\/strong>, cumpriu uma agenda intensa de trabalho com o objetivo de consolidar o crescimento do mercado brasileiro, um dos principais emissores de turistas para o Centro de Portugal.<br>\u00a0<br>Durante o certame, foram realizadas reuni\u00f5es estrat\u00e9gicas com operadores tur\u00edsticos e grupos de media\u00e7\u00e3o de viagens, centradas na diversifica\u00e7\u00e3o da oferta e na integra\u00e7\u00e3o de novos roteiros do interior da regi\u00e3o nos cat\u00e1logos de vendas para 2026 e 2027.<br>\u00a0<br>A estrat\u00e9gia de promo\u00e7\u00e3o assentou na afirma\u00e7\u00e3o do Centro de Portugal como um destino de excel\u00eancia que alia modernidade e tradi\u00e7\u00e3o, estruturando a sua oferta em torno de pilares como Natureza, Wellness, Turismo Ativo, Desportivo e Mar. No dom\u00ednio do turismo espiritual e religioso, destacou-se a valoriza\u00e7\u00e3o dos Caminhos de F\u00e1tima, dos Caminhos de Santiago e do Patrim\u00f3nio Judaico.<br>\u00a0<br>A presen\u00e7a em S\u00e3o Paulo permitiu ainda posicionar o Centro de Portugal na vanguarda do lifestyle, do turismo inspiracional e das novas tend\u00eancias, sem esquecer a relev\u00e2ncia crescente do turismo corporate e empresarial.<br>\u00a0<br>Paralelamente \u00e0 feira, a agenda integrou uma a\u00e7\u00e3o de capacita\u00e7\u00e3o com a Orinter Tour &amp; Travel, bem como reuni\u00f5es de trabalho com a TAP Air Portugal e entidades como a Embratur. Estas iniciativas permitiram refor\u00e7ar o conhecimento dos agentes de viagens sobre o destino e avaliar a conectividade a\u00e9rea com Portugal e o seu impacto no Centro de Portugal.<br>\u00a0<br>Neste contexto, foi tamb\u00e9m real\u00e7ada a import\u00e2ncia crescente do Aeroporto do Porto enquanto porta de entrada estrat\u00e9gica para o Centro de Portugal.\u00a0<em>\u201c\u00c9 uma infraestrutura essencial para atrair visitantes, prolongar estadias e gerar maior valor para a regi\u00e3o. E permite pensar o pa\u00eds como um todo e n\u00e3o como apenas a soma das suas partes\u201d<\/em>, refor\u00e7a\u00a0<strong>Rui Ventura<\/strong>.<br>\u00a0<br>A miss\u00e3o incluiu ainda uma relevante componente institucional, com encontros no Consulado-Geral de Portugal em S\u00e3o Paulo e na C\u00e2mara de Com\u00e9rcio Portuguesa no Brasil, visando estreitar la\u00e7os com a comunidade portuguesa e potenciar oportunidades de investimento no setor tur\u00edstico regional.<br>\u00a0<br>Integrado no programa da visita, Rui Ventura participou tamb\u00e9m no F\u00f3rum Atl\u00e2ntico de Turismo, uma iniciativa da Funda\u00e7\u00e3o Luso-Brasileira que reuniu mais de 90 participantes e mais de 15 oradores de refer\u00eancia do setor tur\u00edstico de Portugal e Brasil.<br>\u00a0<br>Para\u00a0<strong>Rui Ventura<\/strong>, esta miss\u00e3o foi determinante para reafirmar a vitalidade da regi\u00e3o num mercado que valoriza a autenticidade e a proximidade cultural.\u00a0<em>\u201cO mercado brasileiro \u00e9 estrat\u00e9gico para o Centro de Portugal, n\u00e3o apenas pelo volume de dormidas, mas pelo valor que acrescenta ao nosso territ\u00f3rio, atrav\u00e9s de estadias mais prolongadas e de um interesse genu\u00edno pela nossa identidade. Estivemos em S\u00e3o Paulo para garantir que a regi\u00e3o continua no topo das prefer\u00eancias dos brasileiros, com uma oferta cada vez mais estruturada, sustent\u00e1vel e capaz de surpreender ao longo de todo o ano\u201d<\/em>, sublinhou.<br>\u00a0<br>A presen\u00e7a na WTM Latin America 2026 encerra um ciclo de a\u00e7\u00f5es promocionais de primavera no mercado transatl\u00e2ntico, prevendo-se que os resultados destes contactos se traduzam num refor\u00e7o da notoriedade e do fluxo tur\u00edstico para o Centro de Portugal nos pr\u00f3ximos meses.<\/p>\n\n\n\n<p><strong>Sobre a Turismo Centro de Portugal:<\/strong><\/p>\n\n\n\n<p>A Turismo Centro de Portugal \u00e9 a entidade que estrutura e promove o turismo na Regi\u00e3o Centro do pa\u00eds. Esta \u00e9 a maior e mais diversificada \u00e1rea tur\u00edstica nacional, abrangendo 100 munic\u00edpios, e tem registado um intenso crescimento da procura interna e externa. \u00c9 a regi\u00e3o a escolher para quem pretende experi\u00eancias diversificadas, pois concilia locais Patrim\u00f3nio da Humanidade com a melhor costa de surf da Europa, termas e spas id\u00edlicos, locais de culto de import\u00e2ncia mundial e as mais belas aldeias.<\/p>\n","protected":false},"excerpt":{"rendered":"<p>Participa\u00e7\u00e3o na WTM Latin America consolida rela\u00e7\u00f5es com operadores e projeta novos roteiros para 2026 e 2027. O\u00a0Centro de Portugal,&#8230;<\/p>\n","protected":false},"author":7,"featured_media":14297,"comment_status":"closed","ping_status":"open","sticky":false,"template":"","format":"standard","meta":[],"categories":[39],"tags":[346],"yoast_head":"<!-- This site is optimized with the Yoast SEO plugin v20.12 - https:\/\/yoast.com\/wordpress\/plugins\/seo\/ -->\n<title>Centro de Portugal refor\u00e7a presen\u00e7a estrat\u00e9gica no mercado brasileiro - Atelier do Caractere<\/title>\n<meta name=\"robots\" content=\"index, follow, max-snippet:-1, max-image-preview:large, max-video-preview:-1\" \/>\n<link rel=\"canonical\" href=\"https:\/\/www.atelierdocaractere.pt\/brevemente\/centro-de-portugal-reforca-presenca-estrategica-no-mercado-brasileiro\/\" \/>\n<meta property=\"og:locale\" content=\"pt_PT\" \/>\n<meta property=\"og:type\" content=\"article\" \/>\n<meta property=\"og:title\" content=\"Centro de Portugal refor\u00e7a presen\u00e7a estrat\u00e9gica no mercado brasileiro - Atelier do Caractere\" \/>\n<meta property=\"og:description\" content=\"Participa\u00e7\u00e3o na WTM Latin America consolida rela\u00e7\u00f5es com operadores e projeta novos roteiros para 2026 e 2027. O\u00a0Centro de Portugal,...\" \/>\n<meta property=\"og:url\" content=\"https:\/\/www.atelierdocaractere.pt\/brevemente\/centro-de-portugal-reforca-presenca-estrategica-no-mercado-brasileiro\/\" \/>\n<meta property=\"og:site_name\" content=\"Atelier do Caractere\" \/>\n<meta property=\"article:publisher\" content=\"https:\/\/www.facebook.com\/AtelierdoCaractere\" \/>\n<meta property=\"article:published_time\" content=\"2026-04-24T11:28:48+00:00\" \/>\n<meta property=\"article:modified_time\" content=\"2026-04-24T11:28:56+00:00\" \/>\n<meta property=\"og:image\" content=\"https:\/\/www.atelierdocaractere.pt\/wp-content\/uploads\/2026\/04\/e9d17302-514c-10c1-391b-0c6ffc96b5f6.jpg\" \/>\n\t<meta property=\"og:image:width\" content=\"1200\" \/>\n\t<meta property=\"og:image:height\" content=\"900\" \/>\n\t<meta property=\"og:image:type\" content=\"image\/jpeg\" \/>\n<meta name=\"author\" content=\"Joana Barbosa\" \/>\n<meta name=\"twitter:card\" content=\"summary_large_image\" \/>\n<meta name=\"twitter:label1\" content=\"Escrito por\" \/>\n\t<meta name=\"twitter:data1\" content=\"Joana Barbosa\" \/>\n\t<meta name=\"twitter:label2\" content=\"Tempo estimado de leitura\" \/>\n\t<meta name=\"twitter:data2\" content=\"4 minutos\" \/>\n<script type=\"application\/ld+json\" class=\"yoast-schema-graph\">{\"@context\":\"https:\/\/schema.org\",\"@graph\":[{\"@type\":\"WebPage\",\"@id\":\"https:\/\/www.atelierdocaractere.pt\/brevemente\/centro-de-portugal-reforca-presenca-estrategica-no-mercado-brasileiro\/\",\"url\":\"https:\/\/www.atelierdocaractere.pt\/brevemente\/centro-de-portugal-reforca-presenca-estrategica-no-mercado-brasileiro\/\",\"name\":\"Centro de Portugal refor\u00e7a presen\u00e7a estrat\u00e9gica no mercado brasileiro - Atelier do Caractere\",\"isPartOf\":{\"@id\":\"https:\/\/www.atelierdocaractere.pt\/brevemente\/#website\"},\"datePublished\":\"2026-04-24T11:28:48+00:00\",\"dateModified\":\"2026-04-24T11:28:56+00:00\",\"author\":{\"@id\":\"https:\/\/www.atelierdocaractere.pt\/brevemente\/#\/schema\/person\/f2f096eb0f27d9894725af22cb97c0db\"},\"breadcrumb\":{\"@id\":\"https:\/\/www.atelierdocaractere.pt\/brevemente\/centro-de-portugal-reforca-presenca-estrategica-no-mercado-brasileiro\/#breadcrumb\"},\"inLanguage\":\"pt-PT\",\"potentialAction\":[{\"@type\":\"ReadAction\",\"target\":[\"https:\/\/www.atelierdocaractere.pt\/brevemente\/centro-de-portugal-reforca-presenca-estrategica-no-mercado-brasileiro\/\"]}]},{\"@type\":\"BreadcrumbList\",\"@id\":\"https:\/\/www.atelierdocaractere.pt\/brevemente\/centro-de-portugal-reforca-presenca-estrategica-no-mercado-brasileiro\/#breadcrumb\",\"itemListElement\":[{\"@type\":\"ListItem\",\"position\":1,\"name\":\"In\u00edcio\",\"item\":\"https:\/\/www.atelierdocaractere.pt\/brevemente\/\"},{\"@type\":\"ListItem\",\"position\":2,\"name\":\"Centro de Portugal refor\u00e7a presen\u00e7a estrat\u00e9gica no mercado brasileiro\"}]},{\"@type\":\"WebSite\",\"@id\":\"https:\/\/www.atelierdocaractere.pt\/brevemente\/#website\",\"url\":\"https:\/\/www.atelierdocaractere.pt\/brevemente\/\",\"name\":\"Atelier do Caractere\",\"description\":\"\",\"potentialAction\":[{\"@type\":\"SearchAction\",\"target\":{\"@type\":\"EntryPoint\",\"urlTemplate\":\"https:\/\/www.atelierdocaractere.pt\/brevemente\/?s={search_term_string}\"},\"query-input\":\"required name=search_term_string\"}],\"inLanguage\":\"pt-PT\"},{\"@type\":\"Person\",\"@id\":\"https:\/\/www.atelierdocaractere.pt\/brevemente\/#\/schema\/person\/f2f096eb0f27d9894725af22cb97c0db\",\"name\":\"Joana Barbosa\",\"image\":{\"@type\":\"ImageObject\",\"inLanguage\":\"pt-PT\",\"@id\":\"https:\/\/www.atelierdocaractere.pt\/brevemente\/#\/schema\/person\/image\/\",\"url\":\"https:\/\/secure.gravatar.com\/avatar\/33e8214b45e9d68a3a83008731075979?s=96&d=mm&r=g\",\"contentUrl\":\"https:\/\/secure.gravatar.com\/avatar\/33e8214b45e9d68a3a83008731075979?s=96&d=mm&r=g\",\"caption\":\"Joana Barbosa\"},\"url\":\"https:\/\/www.atelierdocaractere.pt\/brevemente\/author\/joanabarbosa\/\"}]}<\/script>\n<!-- \/ Yoast SEO plugin. -->","yoast_head_json":{"title":"Centro de Portugal refor\u00e7a presen\u00e7a estrat\u00e9gica no mercado brasileiro - Atelier do Caractere","robots":{"index":"index","follow":"follow","max-snippet":"max-snippet:-1","max-image-preview":"max-image-preview:large","max-video-preview":"max-video-preview:-1"},"canonical":"https:\/\/www.atelierdocaractere.pt\/brevemente\/centro-de-portugal-reforca-presenca-estrategica-no-mercado-brasileiro\/","og_locale":"pt_PT","og_type":"article","og_title":"Centro de Portugal refor\u00e7a presen\u00e7a estrat\u00e9gica no mercado brasileiro - Atelier do Caractere","og_description":"Participa\u00e7\u00e3o na WTM Latin America consolida rela\u00e7\u00f5es com operadores e projeta novos roteiros para 2026 e 2027. O\u00a0Centro de Portugal,...","og_url":"https:\/\/www.atelierdocaractere.pt\/brevemente\/centro-de-portugal-reforca-presenca-estrategica-no-mercado-brasileiro\/","og_site_name":"Atelier do Caractere","article_publisher":"https:\/\/www.facebook.com\/AtelierdoCaractere","article_published_time":"2026-04-24T11:28:48+00:00","article_modified_time":"2026-04-24T11:28:56+00:00","og_image":[{"width":1200,"height":900,"url":"https:\/\/www.atelierdocaractere.pt\/wp-content\/uploads\/2026\/04\/e9d17302-514c-10c1-391b-0c6ffc96b5f6.jpg","type":"image\/jpeg"}],"author":"Joana Barbosa","twitter_card":"summary_large_image","twitter_misc":{"Escrito por":"Joana Barbosa","Tempo estimado de leitura":"4 minutos"},"schema":{"@context":"https:\/\/schema.org","@graph":[{"@type":"WebPage","@id":"https:\/\/www.atelierdocaractere.pt\/brevemente\/centro-de-portugal-reforca-presenca-estrategica-no-mercado-brasileiro\/","url":"https:\/\/www.atelierdocaractere.pt\/brevemente\/centro-de-portugal-reforca-presenca-estrategica-no-mercado-brasileiro\/","name":"Centro de Portugal refor\u00e7a presen\u00e7a estrat\u00e9gica no mercado brasileiro - Atelier do Caractere","isPartOf":{"@id":"https:\/\/www.atelierdocaractere.pt\/brevemente\/#website"},"datePublished":"2026-04-24T11:28:48+00:00","dateModified":"2026-04-24T11:28:56+00:00","author":{"@id":"https:\/\/www.atelierdocaractere.pt\/brevemente\/#\/schema\/person\/f2f096eb0f27d9894725af22cb97c0db"},"breadcrumb":{"@id":"https:\/\/www.atelierdocaractere.pt\/brevemente\/centro-de-portugal-reforca-presenca-estrategica-no-mercado-brasileiro\/#breadcrumb"},"inLanguage":"pt-PT","potentialAction":[{"@type":"ReadAction","target":["https:\/\/www.atelierdocaractere.pt\/brevemente\/centro-de-portugal-reforca-presenca-estrategica-no-mercado-brasileiro\/"]}]},{"@type":"BreadcrumbList","@id":"https:\/\/www.atelierdocaractere.pt\/brevemente\/centro-de-portugal-reforca-presenca-estrategica-no-mercado-brasileiro\/#breadcrumb","itemListElement":[{"@type":"ListItem","position":1,"name":"In\u00edcio","item":"https:\/\/www.atelierdocaractere.pt\/brevemente\/"},{"@type":"ListItem","position":2,"name":"Centro de Portugal refor\u00e7a presen\u00e7a estrat\u00e9gica no mercado brasileiro"}]},{"@type":"WebSite","@id":"https:\/\/www.atelierdocaractere.pt\/brevemente\/#website","url":"https:\/\/www.atelierdocaractere.pt\/brevemente\/","name":"Atelier do Caractere","description":"","potentialAction":[{"@type":"SearchAction","target":{"@type":"EntryPoint","urlTemplate":"https:\/\/www.atelierdocaractere.pt\/brevemente\/?s={search_term_string}"},"query-input":"required name=search_term_string"}],"inLanguage":"pt-PT"},{"@type":"Person","@id":"https:\/\/www.atelierdocaractere.pt\/brevemente\/#\/schema\/person\/f2f096eb0f27d9894725af22cb97c0db","name":"Joana Barbosa","image":{"@type":"ImageObject","inLanguage":"pt-PT","@id":"https:\/\/www.atelierdocaractere.pt\/brevemente\/#\/schema\/person\/image\/","url":"https:\/\/secure.gravatar.com\/avatar\/33e8214b45e9d68a3a83008731075979?s=96&d=mm&r=g","contentUrl":"https:\/\/secure.gravatar.com\/avatar\/33e8214b45e9d68a3a83008731075979?s=96&d=mm&r=g","caption":"Joana Barbosa"},"url":"https:\/\/www.atelierdocaractere.pt\/brevemente\/author\/joanabarbosa\/"}]}},"_links":{"self":[{"href":"https:\/\/www.atelierdocaractere.pt\/brevemente\/wp-json\/wp\/v2\/posts\/14296"}],"collection":[{"href":"https:\/\/www.atelierdocaractere.pt\/brevemente\/wp-json\/wp\/v2\/posts"}],"about":[{"href":"https:\/\/www.atelierdocaractere.pt\/brevemente\/wp-json\/wp\/v2\/types\/post"}],"author":[{"embeddable":true,"href":"https:\/\/www.atelierdocaractere.pt\/brevemente\/wp-json\/wp\/v2\/users\/7"}],"replies":[{"embeddable":true,"href":"https:\/\/www.atelierdocaractere.pt\/brevemente\/wp-json\/wp\/v2\/comments?post=14296"}],"version-history":[{"count":1,"href":"https:\/\/www.atelierdocaractere.pt\/brevemente\/wp-json\/wp\/v2\/posts\/14296\/revisions"}],"predecessor-version":[{"id":14298,"href":"https:\/\/www.atelierdocaractere.pt\/brevemente\/wp-json\/wp\/v2\/posts\/14296\/revisions\/14298"}],"wp:featuredmedia":[{"embeddable":true,"href":"https:\/\/www.atelierdocaractere.pt\/brevemente\/wp-json\/wp\/v2\/media\/14297"}],"wp:attachment":[{"href":"https:\/\/www.atelierdocaractere.pt\/brevemente\/wp-json\/wp\/v2\/media?parent=14296"}],"wp:term":[{"taxonomy":"category","embeddable":true,"href":"https:\/\/www.atelierdocaractere.pt\/brevemente\/wp-json\/wp\/v2\/categories?post=14296"},{"taxonomy":"post_tag","embeddable":true,"href":"https:\/\/www.atelierdocaractere.pt\/brevemente\/wp-json\/wp\/v2\/tags?post=14296"}],"curies":[{"name":"wp","href":"https:\/\/api.w.org\/{rel}","templated":true}]}}