{"id":14299,"date":"2026-04-22T13:13:38","date_gmt":"2026-04-22T13:13:38","guid":{"rendered":"https:\/\/www.atelierdocaractere.pt\/brevemente\/?p=14299"},"modified":"2026-04-24T13:35:22","modified_gmt":"2026-04-24T13:35:22","slug":"excelencia-do-centro-de-portugal-reconhecida-no-guia-boa-cama-boa-mesa","status":"publish","type":"post","link":"https:\/\/www.atelierdocaractere.pt\/brevemente\/excelencia-do-centro-de-portugal-reconhecida-no-guia-boa-cama-boa-mesa\/","title":{"rendered":"Excel\u00eancia do Centro de Portugal reconhecida no Guia Boa Cama Boa Mesa"},"content":{"rendered":"\n<p><strong>Regi\u00e3o volta a destacar-se entre as melhores com nove distin\u00e7\u00f5es na hotelaria e na restaura\u00e7\u00e3o. Pr\u00e9mio de carreira foi atribu\u00eddo a Alexandre Marto Pereira, empres\u00e1rio de F\u00e1tima.<\/strong><\/p>\n\n\n<div class=\"wp-block-image\">\n<figure class=\"aligncenter size-full\"><img decoding=\"async\" width=\"419\" height=\"314\" src=\"https:\/\/www.atelierdocaractere.pt\/wp-content\/uploads\/2026\/04\/a979b4ef-c867-7855-1020-d03e43bde107.png\" alt=\"\" class=\"wp-image-14300\" srcset=\"https:\/\/www.atelierdocaractere.pt\/wp-content\/uploads\/2026\/04\/a979b4ef-c867-7855-1020-d03e43bde107.png 419w, https:\/\/www.atelierdocaractere.pt\/wp-content\/uploads\/2026\/04\/a979b4ef-c867-7855-1020-d03e43bde107-300x225.png 300w\" sizes=\"(max-width: 419px) 100vw, 419px\" \/><\/figure><\/div>\n\n\n<p>O\u00a0<strong>Centro de Portugal<\/strong>\u00a0voltou a afirmar-se como um dos territ\u00f3rios de refer\u00eancia do turismo nacional na edi\u00e7\u00e3o de 2026 dos pr\u00e9mios do \u201c<strong>Guia Boa Cama Boa Mesa<\/strong>\u201d, ao conquistar um total de nove distin\u00e7\u00f5es nas \u00e1reas do alojamento e da restaura\u00e7\u00e3o. A cerim\u00f3nia de entrega dos pr\u00e9mios, apresentada por B\u00e1rbara Guimar\u00e3es, decorreu no Terminal de Cruzeiros de Matosinhos e reuniu alguns dos principais protagonistas do setor tur\u00edstico nacional.<br>\u00a0<br>Na \u00e1rea do alojamento, a regi\u00e3o conquistou uma Chave de Platina, atribu\u00edda ao hotel\u00a0<strong>Areias do Seixo<\/strong>, em Torres Vedras, que mant\u00e9m o estatuto de excel\u00eancia m\u00e1xima. Foram ainda distinguidos com Chave de Prata a\u00a0<strong>Casa de S\u00e3o Louren\u00e7o<\/strong>, em Manteigas, as\u00a0<strong>Casas do C\u00f4ro<\/strong>, em Marialva (M\u00eada), e o\u00a0<strong>Luz Houses<\/strong>, em F\u00e1tima (Our\u00e9m), confirmando a consist\u00eancia da oferta regional neste segmento.<br>\u00a0<br>Na restaura\u00e7\u00e3o, o\u00a0<strong>Mesa de Lemos<\/strong>, em Silgueiros, Viseu, voltou a receber um Garfo de Ouro, consolidando a sua posi\u00e7\u00e3o entre os melhores do pa\u00eds. A regi\u00e3o somou ainda quatro Garfos de Prata, atribu\u00eddos ao\u00a0<strong>3 Pipos<\/strong>, em Tondela \u2013 uma entrada direta para o guia \u2013,\u00a0<strong>A L\u00faria<\/strong>, em Tomar,\u00a0<strong>Casinha Velha<\/strong>, em Leiria, e\u00a0<strong>Rei dos Leit\u00f5es<\/strong>, na Mealhada.<br>\u00a0<br>\u00a0<br><strong>Pr\u00e9mio Carreira para empres\u00e1rio de F\u00e1tima<\/strong><br>\u00a0<br>A edi\u00e7\u00e3o deste ano ficou tamb\u00e9m marcada pela atribui\u00e7\u00e3o do Pr\u00e9mio Carreira a um empres\u00e1rio da regi\u00e3o Centro:\u00a0<strong>Alexandre Marto Pereira<\/strong>, gestor hoteleiro com um percurso de grande relevo no setor. O galard\u00e3o reconhece o contributo do empres\u00e1rio de F\u00e1tima para a inova\u00e7\u00e3o e estrutura\u00e7\u00e3o da oferta tur\u00edstica, nomeadamente atrav\u00e9s da cria\u00e7\u00e3o de uma plataforma digital que integra marketing, vendas e reservas.<br>\u00a0<br>No seu discurso, Alexandre Marto Pereira destacou o papel dos pequenos empres\u00e1rios em territ\u00f3rios com forte sazonalidade, sublinhando o esfor\u00e7o di\u00e1rio para valorizar destinos muitas vezes menos vis\u00edveis.<br>\u00a0<br>Para\u00a0<strong>Rui Ventura<\/strong>, presidente da Turismo Centro de Portugal,\u00a0<em>\u201cestas distin\u00e7\u00f5es refor\u00e7am, mais uma vez, a qualidade e autenticidade da oferta tur\u00edstica da nossa regi\u00e3o. O Centro de Portugal afirma-se cada vez mais como um destino onde a excel\u00eancia se constr\u00f3i a partir do territ\u00f3rio, das pessoas e da identidade local. Felicito todos os empres\u00e1rios distinguidos. Estes pr\u00e9mios s\u00e3o, acima de tudo, o reconhecimento do seu trabalho di\u00e1rio, que eleva a experi\u00eancia de quem nos visita\u201d<\/em>.<br>\u00a0<br><em>\u201cDeixo uma palavra de especial apre\u00e7o ao Alexandre Marto Pereira, cujo trabalho em prol da experi\u00eancia tur\u00edstica na regi\u00e3o foi muito justamente reconhecido\u201d<\/em>, acrescenta.<br>\u00a0<br>O \u201cGuia Boa Cama Boa Mesa\u201d, publicado pelo jornal Expresso, distingue h\u00e1 mais de duas d\u00e9cadas a excel\u00eancia no setor tur\u00edstico nacional, premiando unidades de alojamento com Chaves e restaurantes com Garfos, em diferentes categorias.<\/p>\n\n\n\n<p><strong>Sobre a Turismo Centro de Portugal:<\/strong><\/p>\n\n\n\n<p>A Turismo Centro de Portugal \u00e9 a entidade que estrutura e promove o turismo na Regi\u00e3o Centro do pa\u00eds. Esta \u00e9 a maior e mais diversificada \u00e1rea tur\u00edstica nacional, abrangendo 100 munic\u00edpios, e tem registado um intenso crescimento da procura interna e externa. \u00c9 a regi\u00e3o a escolher para quem pretende experi\u00eancias diversificadas, pois concilia locais Patrim\u00f3nio da Humanidade com a melhor costa de surf da Europa, termas e spas id\u00edlicos, locais de culto de import\u00e2ncia mundial e as mais belas aldeias.<\/p>\n","protected":false},"excerpt":{"rendered":"<p>Regi\u00e3o volta a destacar-se entre as melhores com nove distin\u00e7\u00f5es na hotelaria e na restaura\u00e7\u00e3o. Pr\u00e9mio de carreira foi atribu\u00eddo&#8230;<\/p>\n","protected":false},"author":7,"featured_media":14300,"comment_status":"closed","ping_status":"open","sticky":false,"template":"","format":"standard","meta":[],"categories":[39],"tags":[346],"yoast_head":"<!-- This site is optimized with the Yoast SEO plugin v20.12 - https:\/\/yoast.com\/wordpress\/plugins\/seo\/ -->\n<title>Excel\u00eancia do Centro de Portugal reconhecida no Guia Boa Cama Boa Mesa - Atelier do Caractere<\/title>\n<meta name=\"robots\" content=\"index, follow, max-snippet:-1, max-image-preview:large, max-video-preview:-1\" \/>\n<link rel=\"canonical\" href=\"https:\/\/www.atelierdocaractere.pt\/brevemente\/excelencia-do-centro-de-portugal-reconhecida-no-guia-boa-cama-boa-mesa\/\" \/>\n<meta property=\"og:locale\" content=\"pt_PT\" \/>\n<meta property=\"og:type\" content=\"article\" \/>\n<meta property=\"og:title\" content=\"Excel\u00eancia do Centro de Portugal reconhecida no Guia Boa Cama Boa Mesa - Atelier do Caractere\" \/>\n<meta property=\"og:description\" content=\"Regi\u00e3o volta a destacar-se entre as melhores com nove distin\u00e7\u00f5es na hotelaria e na restaura\u00e7\u00e3o. Pr\u00e9mio de carreira foi atribu\u00eddo...\" \/>\n<meta property=\"og:url\" content=\"https:\/\/www.atelierdocaractere.pt\/brevemente\/excelencia-do-centro-de-portugal-reconhecida-no-guia-boa-cama-boa-mesa\/\" \/>\n<meta property=\"og:site_name\" content=\"Atelier do Caractere\" \/>\n<meta property=\"article:publisher\" content=\"https:\/\/www.facebook.com\/AtelierdoCaractere\" \/>\n<meta property=\"article:published_time\" content=\"2026-04-22T13:13:38+00:00\" \/>\n<meta property=\"article:modified_time\" content=\"2026-04-24T13:35:22+00:00\" \/>\n<meta property=\"og:image\" content=\"https:\/\/www.atelierdocaractere.pt\/wp-content\/uploads\/2026\/04\/a979b4ef-c867-7855-1020-d03e43bde107.png\" \/>\n\t<meta property=\"og:image:width\" content=\"419\" \/>\n\t<meta property=\"og:image:height\" content=\"314\" \/>\n\t<meta property=\"og:image:type\" content=\"image\/png\" \/>\n<meta name=\"author\" content=\"Joana Barbosa\" \/>\n<meta name=\"twitter:card\" content=\"summary_large_image\" \/>\n<meta name=\"twitter:label1\" content=\"Escrito por\" \/>\n\t<meta name=\"twitter:data1\" content=\"Joana Barbosa\" \/>\n\t<meta name=\"twitter:label2\" content=\"Tempo estimado de leitura\" \/>\n\t<meta name=\"twitter:data2\" content=\"4 minutos\" \/>\n<script type=\"application\/ld+json\" class=\"yoast-schema-graph\">{\"@context\":\"https:\/\/schema.org\",\"@graph\":[{\"@type\":\"WebPage\",\"@id\":\"https:\/\/www.atelierdocaractere.pt\/brevemente\/excelencia-do-centro-de-portugal-reconhecida-no-guia-boa-cama-boa-mesa\/\",\"url\":\"https:\/\/www.atelierdocaractere.pt\/brevemente\/excelencia-do-centro-de-portugal-reconhecida-no-guia-boa-cama-boa-mesa\/\",\"name\":\"Excel\u00eancia do Centro de Portugal reconhecida no Guia Boa Cama Boa Mesa - Atelier do Caractere\",\"isPartOf\":{\"@id\":\"https:\/\/www.atelierdocaractere.pt\/brevemente\/#website\"},\"datePublished\":\"2026-04-22T13:13:38+00:00\",\"dateModified\":\"2026-04-24T13:35:22+00:00\",\"author\":{\"@id\":\"https:\/\/www.atelierdocaractere.pt\/brevemente\/#\/schema\/person\/f2f096eb0f27d9894725af22cb97c0db\"},\"breadcrumb\":{\"@id\":\"https:\/\/www.atelierdocaractere.pt\/brevemente\/excelencia-do-centro-de-portugal-reconhecida-no-guia-boa-cama-boa-mesa\/#breadcrumb\"},\"inLanguage\":\"pt-PT\",\"potentialAction\":[{\"@type\":\"ReadAction\",\"target\":[\"https:\/\/www.atelierdocaractere.pt\/brevemente\/excelencia-do-centro-de-portugal-reconhecida-no-guia-boa-cama-boa-mesa\/\"]}]},{\"@type\":\"BreadcrumbList\",\"@id\":\"https:\/\/www.atelierdocaractere.pt\/brevemente\/excelencia-do-centro-de-portugal-reconhecida-no-guia-boa-cama-boa-mesa\/#breadcrumb\",\"itemListElement\":[{\"@type\":\"ListItem\",\"position\":1,\"name\":\"In\u00edcio\",\"item\":\"https:\/\/www.atelierdocaractere.pt\/brevemente\/\"},{\"@type\":\"ListItem\",\"position\":2,\"name\":\"Excel\u00eancia do Centro de Portugal reconhecida no Guia Boa Cama Boa Mesa\"}]},{\"@type\":\"WebSite\",\"@id\":\"https:\/\/www.atelierdocaractere.pt\/brevemente\/#website\",\"url\":\"https:\/\/www.atelierdocaractere.pt\/brevemente\/\",\"name\":\"Atelier do Caractere\",\"description\":\"\",\"potentialAction\":[{\"@type\":\"SearchAction\",\"target\":{\"@type\":\"EntryPoint\",\"urlTemplate\":\"https:\/\/www.atelierdocaractere.pt\/brevemente\/?s={search_term_string}\"},\"query-input\":\"required name=search_term_string\"}],\"inLanguage\":\"pt-PT\"},{\"@type\":\"Person\",\"@id\":\"https:\/\/www.atelierdocaractere.pt\/brevemente\/#\/schema\/person\/f2f096eb0f27d9894725af22cb97c0db\",\"name\":\"Joana Barbosa\",\"image\":{\"@type\":\"ImageObject\",\"inLanguage\":\"pt-PT\",\"@id\":\"https:\/\/www.atelierdocaractere.pt\/brevemente\/#\/schema\/person\/image\/\",\"url\":\"https:\/\/secure.gravatar.com\/avatar\/33e8214b45e9d68a3a83008731075979?s=96&d=mm&r=g\",\"contentUrl\":\"https:\/\/secure.gravatar.com\/avatar\/33e8214b45e9d68a3a83008731075979?s=96&d=mm&r=g\",\"caption\":\"Joana Barbosa\"},\"url\":\"https:\/\/www.atelierdocaractere.pt\/brevemente\/author\/joanabarbosa\/\"}]}<\/script>\n<!-- \/ Yoast SEO plugin. -->","yoast_head_json":{"title":"Excel\u00eancia do Centro de Portugal reconhecida no Guia Boa Cama Boa Mesa - Atelier do Caractere","robots":{"index":"index","follow":"follow","max-snippet":"max-snippet:-1","max-image-preview":"max-image-preview:large","max-video-preview":"max-video-preview:-1"},"canonical":"https:\/\/www.atelierdocaractere.pt\/brevemente\/excelencia-do-centro-de-portugal-reconhecida-no-guia-boa-cama-boa-mesa\/","og_locale":"pt_PT","og_type":"article","og_title":"Excel\u00eancia do Centro de Portugal reconhecida no Guia Boa Cama Boa Mesa - Atelier do Caractere","og_description":"Regi\u00e3o volta a destacar-se entre as melhores com nove distin\u00e7\u00f5es na hotelaria e na restaura\u00e7\u00e3o. Pr\u00e9mio de carreira foi atribu\u00eddo...","og_url":"https:\/\/www.atelierdocaractere.pt\/brevemente\/excelencia-do-centro-de-portugal-reconhecida-no-guia-boa-cama-boa-mesa\/","og_site_name":"Atelier do Caractere","article_publisher":"https:\/\/www.facebook.com\/AtelierdoCaractere","article_published_time":"2026-04-22T13:13:38+00:00","article_modified_time":"2026-04-24T13:35:22+00:00","og_image":[{"width":419,"height":314,"url":"https:\/\/www.atelierdocaractere.pt\/wp-content\/uploads\/2026\/04\/a979b4ef-c867-7855-1020-d03e43bde107.png","type":"image\/png"}],"author":"Joana Barbosa","twitter_card":"summary_large_image","twitter_misc":{"Escrito por":"Joana Barbosa","Tempo estimado de leitura":"4 minutos"},"schema":{"@context":"https:\/\/schema.org","@graph":[{"@type":"WebPage","@id":"https:\/\/www.atelierdocaractere.pt\/brevemente\/excelencia-do-centro-de-portugal-reconhecida-no-guia-boa-cama-boa-mesa\/","url":"https:\/\/www.atelierdocaractere.pt\/brevemente\/excelencia-do-centro-de-portugal-reconhecida-no-guia-boa-cama-boa-mesa\/","name":"Excel\u00eancia do Centro de Portugal reconhecida no Guia Boa Cama Boa Mesa - Atelier do Caractere","isPartOf":{"@id":"https:\/\/www.atelierdocaractere.pt\/brevemente\/#website"},"datePublished":"2026-04-22T13:13:38+00:00","dateModified":"2026-04-24T13:35:22+00:00","author":{"@id":"https:\/\/www.atelierdocaractere.pt\/brevemente\/#\/schema\/person\/f2f096eb0f27d9894725af22cb97c0db"},"breadcrumb":{"@id":"https:\/\/www.atelierdocaractere.pt\/brevemente\/excelencia-do-centro-de-portugal-reconhecida-no-guia-boa-cama-boa-mesa\/#breadcrumb"},"inLanguage":"pt-PT","potentialAction":[{"@type":"ReadAction","target":["https:\/\/www.atelierdocaractere.pt\/brevemente\/excelencia-do-centro-de-portugal-reconhecida-no-guia-boa-cama-boa-mesa\/"]}]},{"@type":"BreadcrumbList","@id":"https:\/\/www.atelierdocaractere.pt\/brevemente\/excelencia-do-centro-de-portugal-reconhecida-no-guia-boa-cama-boa-mesa\/#breadcrumb","itemListElement":[{"@type":"ListItem","position":1,"name":"In\u00edcio","item":"https:\/\/www.atelierdocaractere.pt\/brevemente\/"},{"@type":"ListItem","position":2,"name":"Excel\u00eancia do Centro de Portugal reconhecida no Guia Boa Cama Boa Mesa"}]},{"@type":"WebSite","@id":"https:\/\/www.atelierdocaractere.pt\/brevemente\/#website","url":"https:\/\/www.atelierdocaractere.pt\/brevemente\/","name":"Atelier do Caractere","description":"","potentialAction":[{"@type":"SearchAction","target":{"@type":"EntryPoint","urlTemplate":"https:\/\/www.atelierdocaractere.pt\/brevemente\/?s={search_term_string}"},"query-input":"required name=search_term_string"}],"inLanguage":"pt-PT"},{"@type":"Person","@id":"https:\/\/www.atelierdocaractere.pt\/brevemente\/#\/schema\/person\/f2f096eb0f27d9894725af22cb97c0db","name":"Joana Barbosa","image":{"@type":"ImageObject","inLanguage":"pt-PT","@id":"https:\/\/www.atelierdocaractere.pt\/brevemente\/#\/schema\/person\/image\/","url":"https:\/\/secure.gravatar.com\/avatar\/33e8214b45e9d68a3a83008731075979?s=96&d=mm&r=g","contentUrl":"https:\/\/secure.gravatar.com\/avatar\/33e8214b45e9d68a3a83008731075979?s=96&d=mm&r=g","caption":"Joana Barbosa"},"url":"https:\/\/www.atelierdocaractere.pt\/brevemente\/author\/joanabarbosa\/"}]}},"_links":{"self":[{"href":"https:\/\/www.atelierdocaractere.pt\/brevemente\/wp-json\/wp\/v2\/posts\/14299"}],"collection":[{"href":"https:\/\/www.atelierdocaractere.pt\/brevemente\/wp-json\/wp\/v2\/posts"}],"about":[{"href":"https:\/\/www.atelierdocaractere.pt\/brevemente\/wp-json\/wp\/v2\/types\/post"}],"author":[{"embeddable":true,"href":"https:\/\/www.atelierdocaractere.pt\/brevemente\/wp-json\/wp\/v2\/users\/7"}],"replies":[{"embeddable":true,"href":"https:\/\/www.atelierdocaractere.pt\/brevemente\/wp-json\/wp\/v2\/comments?post=14299"}],"version-history":[{"count":1,"href":"https:\/\/www.atelierdocaractere.pt\/brevemente\/wp-json\/wp\/v2\/posts\/14299\/revisions"}],"predecessor-version":[{"id":14301,"href":"https:\/\/www.atelierdocaractere.pt\/brevemente\/wp-json\/wp\/v2\/posts\/14299\/revisions\/14301"}],"wp:featuredmedia":[{"embeddable":true,"href":"https:\/\/www.atelierdocaractere.pt\/brevemente\/wp-json\/wp\/v2\/media\/14300"}],"wp:attachment":[{"href":"https:\/\/www.atelierdocaractere.pt\/brevemente\/wp-json\/wp\/v2\/media?parent=14299"}],"wp:term":[{"taxonomy":"category","embeddable":true,"href":"https:\/\/www.atelierdocaractere.pt\/brevemente\/wp-json\/wp\/v2\/categories?post=14299"},{"taxonomy":"post_tag","embeddable":true,"href":"https:\/\/www.atelierdocaractere.pt\/brevemente\/wp-json\/wp\/v2\/tags?post=14299"}],"curies":[{"name":"wp","href":"https:\/\/api.w.org\/{rel}","templated":true}]}}