{"id":14302,"date":"2026-04-21T13:36:09","date_gmt":"2026-04-21T13:36:09","guid":{"rendered":"https:\/\/www.atelierdocaractere.pt\/brevemente\/?p=14302"},"modified":"2026-04-24T13:42:30","modified_gmt":"2026-04-24T13:42:30","slug":"portugueses-partilharam-mais-de-uma-centena-de-historias-e-memorias-do-renault-4-e-5-no-ambito-da-iniciativa-top-of-the-pop","status":"publish","type":"post","link":"https:\/\/www.atelierdocaractere.pt\/brevemente\/portugueses-partilharam-mais-de-uma-centena-de-historias-e-memorias-do-renault-4-e-5-no-ambito-da-iniciativa-top-of-the-pop\/","title":{"rendered":"PORTUGUESES PARTILHARAM MAIS DE UMA CENTENA DE HIST\u00d3RIAS E MEM\u00d3RIAS DO RENAULT 4 E 5 NO \u00c2MBITO DA INICIATIVA &#8220;TOP OF THE POP&#8221;"},"content":{"rendered":"\n<ul>\n<li><strong>Iniciativa reuniu mais de 100 hist\u00f3rias reais associadas aos ic\u00f3nicos Renault 4 e Renault 5<\/strong><\/li>\n\n\n\n<li><strong>Alguns participantes da iniciativa, tiveram a oportunidade de estarem presentes num evento exclusivo com os embaixadores da marca, Sara Correia e Carl\u00e3o<\/strong><\/li>\n\n\n\n<li><strong>A a\u00e7\u00e3o refor\u00e7ou a liga\u00e7\u00e3o emocional da marca com v\u00e1rias gera\u00e7\u00f5es de portugueses<\/strong><\/li>\n<\/ul>\n\n\n\n<figure class=\"wp-block-image size-large\"><img decoding=\"async\" width=\"1024\" height=\"602\" src=\"https:\/\/www.atelierdocaractere.pt\/wp-content\/uploads\/2026\/04\/0b4016882e3d3334f45ce507b395b297-1024x602.jpg\" alt=\"\" class=\"wp-image-14303\" srcset=\"https:\/\/www.atelierdocaractere.pt\/wp-content\/uploads\/2026\/04\/0b4016882e3d3334f45ce507b395b297-1024x602.jpg 1024w, https:\/\/www.atelierdocaractere.pt\/wp-content\/uploads\/2026\/04\/0b4016882e3d3334f45ce507b395b297-300x176.jpg 300w, https:\/\/www.atelierdocaractere.pt\/wp-content\/uploads\/2026\/04\/0b4016882e3d3334f45ce507b395b297-768x452.jpg 768w, https:\/\/www.atelierdocaractere.pt\/wp-content\/uploads\/2026\/04\/0b4016882e3d3334f45ce507b395b297-1536x903.jpg 1536w, https:\/\/www.atelierdocaractere.pt\/wp-content\/uploads\/2026\/04\/0b4016882e3d3334f45ce507b395b297.jpg 1920w\" sizes=\"(max-width: 1024px) 100vw, 1024px\" \/><\/figure>\n\n\n\n<p>A Renault Portugal concluiu com sucesso a a\u00e7\u00e3o \u201cTop of the Pop\u201d, uma iniciativa que convidou os portugueses a partilhar hist\u00f3rias e mem\u00f3rias associadas a dois dos modelos mais ic\u00f3nicos da marca: o Renault 4 e o Renault 5.<\/p>\n\n\n\n<p>Ao longo do per\u00edodo deste projeto, foram submetidas mais de 100 hist\u00f3rias, refletindo o forte v\u00ednculo emocional que estes modelos continuam a ter junto das fam\u00edlias portuguesas. Testemunhos que atravessam gera\u00e7\u00f5es e que refor\u00e7am o papel destes autom\u00f3veis como verdadeiros \u00edcones culturais.<\/p>\n\n\n\n<p>Foram distinguidos seis participantes, cujas hist\u00f3rias se destacaram pela sua criatividade e tamb\u00e9m pela sua vertente emocional, que tiveram tamb\u00e9m a oportunidade de viver uma experi\u00eancia exclusiva num evento especial promovido pela Renault Portugal.<\/p>\n\n\n\n<h3 class=\"wp-block-heading\"><strong>UMA EXPERI\u00caNCIA QUE JUNTOU O PASSADO E O FUTURO<\/strong><\/h3>\n\n\n\n<p>O evento contou com a presen\u00e7a dos embaixadores da iniciativa, Sara Correia e Carl\u00e3o, proporcionando aos vencedores um momento \u00fanico de partilha e proximidade. Para al\u00e9m do Meet &amp; Greet com os artistas, os participantes puderam tamb\u00e9m realizar test-drives aos novos Renault 4 E-Tech El\u00e9trico e Renault 5 E-Tech El\u00e9trico, estabelecendo uma liga\u00e7\u00e3o direta entre as mem\u00f3rias do passado e a nova gera\u00e7\u00e3o destes modelos, agora el\u00e9trica.<\/p>\n\n\n\n<p>Os convidados receberam ainda merchandising exclusivo da marca, num ambiente pensado para celebrar n\u00e3o s\u00f3 as hist\u00f3rias individuais, mas tamb\u00e9m a heran\u00e7a coletiva associada a estes autom\u00f3veis.<\/p>\n\n\n\n<h3 class=\"wp-block-heading\"><strong>UMA LIGA\u00c7\u00c3O EMOCIONAL QUE SE MANT\u00c9M ATUAL<\/strong><\/h3>\n\n\n\n<p>Com esta iniciativa, a Renault Portugal refor\u00e7a o seu posicionamento como uma marca profundamente enraizada na vida dos portugueses, capaz de unir tradi\u00e7\u00e3o e inova\u00e7\u00e3o. O sucesso do \u201cTop of the Pop\u201d demonstra que, mesmo numa nova era de mobilidade el\u00e9trica, o valor emocional e simb\u00f3lico dos modelos Renault 4 e Renault 5 continua mais vivo do que nunca.<\/p>\n\n\n\n<p>Atrav\u00e9s desta a\u00e7\u00e3o, a marca n\u00e3o s\u00f3 celebrou o seu legado, como tamb\u00e9m aproximou uma nova gera\u00e7\u00e3o de portugueses dos seus modelos el\u00e9tricos, provando que os \u00edcones do passado continuam a inspirar o futuro.<\/p>\n","protected":false},"excerpt":{"rendered":"<p>A Renault Portugal concluiu com sucesso a a\u00e7\u00e3o \u201cTop of the Pop\u201d, uma iniciativa que convidou os portugueses a partilhar&#8230;<\/p>\n","protected":false},"author":7,"featured_media":14303,"comment_status":"closed","ping_status":"open","sticky":false,"template":"","format":"standard","meta":[],"categories":[28],"tags":[87],"yoast_head":"<!-- This site is optimized with the Yoast SEO plugin v20.12 - https:\/\/yoast.com\/wordpress\/plugins\/seo\/ -->\n<title>PORTUGUESES PARTILHARAM MAIS DE UMA CENTENA DE HIST\u00d3RIAS E MEM\u00d3RIAS DO RENAULT 4 E 5 NO \u00c2MBITO DA INICIATIVA &quot;TOP OF THE POP&quot; - Atelier do Caractere<\/title>\n<meta name=\"robots\" content=\"index, follow, max-snippet:-1, max-image-preview:large, max-video-preview:-1\" \/>\n<link rel=\"canonical\" href=\"https:\/\/www.atelierdocaractere.pt\/brevemente\/portugueses-partilharam-mais-de-uma-centena-de-historias-e-memorias-do-renault-4-e-5-no-ambito-da-iniciativa-top-of-the-pop\/\" \/>\n<meta property=\"og:locale\" content=\"pt_PT\" \/>\n<meta property=\"og:type\" content=\"article\" \/>\n<meta property=\"og:title\" content=\"PORTUGUESES PARTILHARAM MAIS DE UMA CENTENA DE HIST\u00d3RIAS E MEM\u00d3RIAS DO RENAULT 4 E 5 NO \u00c2MBITO DA INICIATIVA &quot;TOP OF THE POP&quot; - Atelier do Caractere\" \/>\n<meta property=\"og:description\" content=\"A Renault Portugal concluiu com sucesso a a\u00e7\u00e3o \u201cTop of the Pop\u201d, uma iniciativa que convidou os portugueses a partilhar...\" \/>\n<meta property=\"og:url\" content=\"https:\/\/www.atelierdocaractere.pt\/brevemente\/portugueses-partilharam-mais-de-uma-centena-de-historias-e-memorias-do-renault-4-e-5-no-ambito-da-iniciativa-top-of-the-pop\/\" \/>\n<meta property=\"og:site_name\" content=\"Atelier do Caractere\" \/>\n<meta property=\"article:publisher\" content=\"https:\/\/www.facebook.com\/AtelierdoCaractere\" \/>\n<meta property=\"article:published_time\" content=\"2026-04-21T13:36:09+00:00\" \/>\n<meta property=\"article:modified_time\" content=\"2026-04-24T13:42:30+00:00\" \/>\n<meta property=\"og:image\" content=\"https:\/\/www.atelierdocaractere.pt\/wp-content\/uploads\/2026\/04\/0b4016882e3d3334f45ce507b395b297.jpg\" \/>\n\t<meta property=\"og:image:width\" content=\"1920\" \/>\n\t<meta property=\"og:image:height\" content=\"1129\" \/>\n\t<meta property=\"og:image:type\" content=\"image\/jpeg\" \/>\n<meta name=\"author\" content=\"Joana Barbosa\" \/>\n<meta name=\"twitter:card\" content=\"summary_large_image\" \/>\n<meta name=\"twitter:label1\" content=\"Escrito por\" \/>\n\t<meta name=\"twitter:data1\" content=\"Joana Barbosa\" \/>\n\t<meta name=\"twitter:label2\" content=\"Tempo estimado de leitura\" \/>\n\t<meta name=\"twitter:data2\" content=\"3 minutos\" \/>\n<script type=\"application\/ld+json\" class=\"yoast-schema-graph\">{\"@context\":\"https:\/\/schema.org\",\"@graph\":[{\"@type\":\"WebPage\",\"@id\":\"https:\/\/www.atelierdocaractere.pt\/brevemente\/portugueses-partilharam-mais-de-uma-centena-de-historias-e-memorias-do-renault-4-e-5-no-ambito-da-iniciativa-top-of-the-pop\/\",\"url\":\"https:\/\/www.atelierdocaractere.pt\/brevemente\/portugueses-partilharam-mais-de-uma-centena-de-historias-e-memorias-do-renault-4-e-5-no-ambito-da-iniciativa-top-of-the-pop\/\",\"name\":\"PORTUGUESES PARTILHARAM MAIS DE UMA CENTENA DE HIST\u00d3RIAS E MEM\u00d3RIAS DO RENAULT 4 E 5 NO \u00c2MBITO DA INICIATIVA \\\"TOP OF THE POP\\\" - Atelier do Caractere\",\"isPartOf\":{\"@id\":\"https:\/\/www.atelierdocaractere.pt\/brevemente\/#website\"},\"datePublished\":\"2026-04-21T13:36:09+00:00\",\"dateModified\":\"2026-04-24T13:42:30+00:00\",\"author\":{\"@id\":\"https:\/\/www.atelierdocaractere.pt\/brevemente\/#\/schema\/person\/f2f096eb0f27d9894725af22cb97c0db\"},\"breadcrumb\":{\"@id\":\"https:\/\/www.atelierdocaractere.pt\/brevemente\/portugueses-partilharam-mais-de-uma-centena-de-historias-e-memorias-do-renault-4-e-5-no-ambito-da-iniciativa-top-of-the-pop\/#breadcrumb\"},\"inLanguage\":\"pt-PT\",\"potentialAction\":[{\"@type\":\"ReadAction\",\"target\":[\"https:\/\/www.atelierdocaractere.pt\/brevemente\/portugueses-partilharam-mais-de-uma-centena-de-historias-e-memorias-do-renault-4-e-5-no-ambito-da-iniciativa-top-of-the-pop\/\"]}]},{\"@type\":\"BreadcrumbList\",\"@id\":\"https:\/\/www.atelierdocaractere.pt\/brevemente\/portugueses-partilharam-mais-de-uma-centena-de-historias-e-memorias-do-renault-4-e-5-no-ambito-da-iniciativa-top-of-the-pop\/#breadcrumb\",\"itemListElement\":[{\"@type\":\"ListItem\",\"position\":1,\"name\":\"In\u00edcio\",\"item\":\"https:\/\/www.atelierdocaractere.pt\/brevemente\/\"},{\"@type\":\"ListItem\",\"position\":2,\"name\":\"PORTUGUESES PARTILHARAM MAIS DE UMA CENTENA DE HIST\u00d3RIAS E MEM\u00d3RIAS DO RENAULT 4 E 5 NO \u00c2MBITO DA INICIATIVA &#8220;TOP OF THE POP&#8221;\"}]},{\"@type\":\"WebSite\",\"@id\":\"https:\/\/www.atelierdocaractere.pt\/brevemente\/#website\",\"url\":\"https:\/\/www.atelierdocaractere.pt\/brevemente\/\",\"name\":\"Atelier do Caractere\",\"description\":\"\",\"potentialAction\":[{\"@type\":\"SearchAction\",\"target\":{\"@type\":\"EntryPoint\",\"urlTemplate\":\"https:\/\/www.atelierdocaractere.pt\/brevemente\/?s={search_term_string}\"},\"query-input\":\"required name=search_term_string\"}],\"inLanguage\":\"pt-PT\"},{\"@type\":\"Person\",\"@id\":\"https:\/\/www.atelierdocaractere.pt\/brevemente\/#\/schema\/person\/f2f096eb0f27d9894725af22cb97c0db\",\"name\":\"Joana Barbosa\",\"image\":{\"@type\":\"ImageObject\",\"inLanguage\":\"pt-PT\",\"@id\":\"https:\/\/www.atelierdocaractere.pt\/brevemente\/#\/schema\/person\/image\/\",\"url\":\"https:\/\/secure.gravatar.com\/avatar\/33e8214b45e9d68a3a83008731075979?s=96&d=mm&r=g\",\"contentUrl\":\"https:\/\/secure.gravatar.com\/avatar\/33e8214b45e9d68a3a83008731075979?s=96&d=mm&r=g\",\"caption\":\"Joana Barbosa\"},\"url\":\"https:\/\/www.atelierdocaractere.pt\/brevemente\/author\/joanabarbosa\/\"}]}<\/script>\n<!-- \/ Yoast SEO plugin. -->","yoast_head_json":{"title":"PORTUGUESES PARTILHARAM MAIS DE UMA CENTENA DE HIST\u00d3RIAS E MEM\u00d3RIAS DO RENAULT 4 E 5 NO \u00c2MBITO DA INICIATIVA \"TOP OF THE POP\" - Atelier do Caractere","robots":{"index":"index","follow":"follow","max-snippet":"max-snippet:-1","max-image-preview":"max-image-preview:large","max-video-preview":"max-video-preview:-1"},"canonical":"https:\/\/www.atelierdocaractere.pt\/brevemente\/portugueses-partilharam-mais-de-uma-centena-de-historias-e-memorias-do-renault-4-e-5-no-ambito-da-iniciativa-top-of-the-pop\/","og_locale":"pt_PT","og_type":"article","og_title":"PORTUGUESES PARTILHARAM MAIS DE UMA CENTENA DE HIST\u00d3RIAS E MEM\u00d3RIAS DO RENAULT 4 E 5 NO \u00c2MBITO DA INICIATIVA \"TOP OF THE POP\" - Atelier do Caractere","og_description":"A Renault Portugal concluiu com sucesso a a\u00e7\u00e3o \u201cTop of the Pop\u201d, uma iniciativa que convidou os portugueses a partilhar...","og_url":"https:\/\/www.atelierdocaractere.pt\/brevemente\/portugueses-partilharam-mais-de-uma-centena-de-historias-e-memorias-do-renault-4-e-5-no-ambito-da-iniciativa-top-of-the-pop\/","og_site_name":"Atelier do Caractere","article_publisher":"https:\/\/www.facebook.com\/AtelierdoCaractere","article_published_time":"2026-04-21T13:36:09+00:00","article_modified_time":"2026-04-24T13:42:30+00:00","og_image":[{"width":1920,"height":1129,"url":"https:\/\/www.atelierdocaractere.pt\/wp-content\/uploads\/2026\/04\/0b4016882e3d3334f45ce507b395b297.jpg","type":"image\/jpeg"}],"author":"Joana Barbosa","twitter_card":"summary_large_image","twitter_misc":{"Escrito por":"Joana Barbosa","Tempo estimado de leitura":"3 minutos"},"schema":{"@context":"https:\/\/schema.org","@graph":[{"@type":"WebPage","@id":"https:\/\/www.atelierdocaractere.pt\/brevemente\/portugueses-partilharam-mais-de-uma-centena-de-historias-e-memorias-do-renault-4-e-5-no-ambito-da-iniciativa-top-of-the-pop\/","url":"https:\/\/www.atelierdocaractere.pt\/brevemente\/portugueses-partilharam-mais-de-uma-centena-de-historias-e-memorias-do-renault-4-e-5-no-ambito-da-iniciativa-top-of-the-pop\/","name":"PORTUGUESES PARTILHARAM MAIS DE UMA CENTENA DE HIST\u00d3RIAS E MEM\u00d3RIAS DO RENAULT 4 E 5 NO \u00c2MBITO DA INICIATIVA \"TOP OF THE POP\" - Atelier do Caractere","isPartOf":{"@id":"https:\/\/www.atelierdocaractere.pt\/brevemente\/#website"},"datePublished":"2026-04-21T13:36:09+00:00","dateModified":"2026-04-24T13:42:30+00:00","author":{"@id":"https:\/\/www.atelierdocaractere.pt\/brevemente\/#\/schema\/person\/f2f096eb0f27d9894725af22cb97c0db"},"breadcrumb":{"@id":"https:\/\/www.atelierdocaractere.pt\/brevemente\/portugueses-partilharam-mais-de-uma-centena-de-historias-e-memorias-do-renault-4-e-5-no-ambito-da-iniciativa-top-of-the-pop\/#breadcrumb"},"inLanguage":"pt-PT","potentialAction":[{"@type":"ReadAction","target":["https:\/\/www.atelierdocaractere.pt\/brevemente\/portugueses-partilharam-mais-de-uma-centena-de-historias-e-memorias-do-renault-4-e-5-no-ambito-da-iniciativa-top-of-the-pop\/"]}]},{"@type":"BreadcrumbList","@id":"https:\/\/www.atelierdocaractere.pt\/brevemente\/portugueses-partilharam-mais-de-uma-centena-de-historias-e-memorias-do-renault-4-e-5-no-ambito-da-iniciativa-top-of-the-pop\/#breadcrumb","itemListElement":[{"@type":"ListItem","position":1,"name":"In\u00edcio","item":"https:\/\/www.atelierdocaractere.pt\/brevemente\/"},{"@type":"ListItem","position":2,"name":"PORTUGUESES PARTILHARAM MAIS DE UMA CENTENA DE HIST\u00d3RIAS E MEM\u00d3RIAS DO RENAULT 4 E 5 NO \u00c2MBITO DA INICIATIVA &#8220;TOP OF THE POP&#8221;"}]},{"@type":"WebSite","@id":"https:\/\/www.atelierdocaractere.pt\/brevemente\/#website","url":"https:\/\/www.atelierdocaractere.pt\/brevemente\/","name":"Atelier do Caractere","description":"","potentialAction":[{"@type":"SearchAction","target":{"@type":"EntryPoint","urlTemplate":"https:\/\/www.atelierdocaractere.pt\/brevemente\/?s={search_term_string}"},"query-input":"required name=search_term_string"}],"inLanguage":"pt-PT"},{"@type":"Person","@id":"https:\/\/www.atelierdocaractere.pt\/brevemente\/#\/schema\/person\/f2f096eb0f27d9894725af22cb97c0db","name":"Joana Barbosa","image":{"@type":"ImageObject","inLanguage":"pt-PT","@id":"https:\/\/www.atelierdocaractere.pt\/brevemente\/#\/schema\/person\/image\/","url":"https:\/\/secure.gravatar.com\/avatar\/33e8214b45e9d68a3a83008731075979?s=96&d=mm&r=g","contentUrl":"https:\/\/secure.gravatar.com\/avatar\/33e8214b45e9d68a3a83008731075979?s=96&d=mm&r=g","caption":"Joana Barbosa"},"url":"https:\/\/www.atelierdocaractere.pt\/brevemente\/author\/joanabarbosa\/"}]}},"_links":{"self":[{"href":"https:\/\/www.atelierdocaractere.pt\/brevemente\/wp-json\/wp\/v2\/posts\/14302"}],"collection":[{"href":"https:\/\/www.atelierdocaractere.pt\/brevemente\/wp-json\/wp\/v2\/posts"}],"about":[{"href":"https:\/\/www.atelierdocaractere.pt\/brevemente\/wp-json\/wp\/v2\/types\/post"}],"author":[{"embeddable":true,"href":"https:\/\/www.atelierdocaractere.pt\/brevemente\/wp-json\/wp\/v2\/users\/7"}],"replies":[{"embeddable":true,"href":"https:\/\/www.atelierdocaractere.pt\/brevemente\/wp-json\/wp\/v2\/comments?post=14302"}],"version-history":[{"count":1,"href":"https:\/\/www.atelierdocaractere.pt\/brevemente\/wp-json\/wp\/v2\/posts\/14302\/revisions"}],"predecessor-version":[{"id":14304,"href":"https:\/\/www.atelierdocaractere.pt\/brevemente\/wp-json\/wp\/v2\/posts\/14302\/revisions\/14304"}],"wp:featuredmedia":[{"embeddable":true,"href":"https:\/\/www.atelierdocaractere.pt\/brevemente\/wp-json\/wp\/v2\/media\/14303"}],"wp:attachment":[{"href":"https:\/\/www.atelierdocaractere.pt\/brevemente\/wp-json\/wp\/v2\/media?parent=14302"}],"wp:term":[{"taxonomy":"category","embeddable":true,"href":"https:\/\/www.atelierdocaractere.pt\/brevemente\/wp-json\/wp\/v2\/categories?post=14302"},{"taxonomy":"post_tag","embeddable":true,"href":"https:\/\/www.atelierdocaractere.pt\/brevemente\/wp-json\/wp\/v2\/tags?post=14302"}],"curies":[{"name":"wp","href":"https:\/\/api.w.org\/{rel}","templated":true}]}}