{"id":14305,"date":"2026-04-24T13:51:18","date_gmt":"2026-04-24T13:51:18","guid":{"rendered":"https:\/\/www.atelierdocaractere.pt\/brevemente\/?p=14305"},"modified":"2026-04-24T13:51:22","modified_gmt":"2026-04-24T13:51:22","slug":"viseu-dao-lafoes-apresentou-estrategia-para-atrair-investimento-e-reforcar-a-economia-regional","status":"publish","type":"post","link":"https:\/\/www.atelierdocaractere.pt\/brevemente\/viseu-dao-lafoes-apresentou-estrategia-para-atrair-investimento-e-reforcar-a-economia-regional\/","title":{"rendered":"Viseu D\u00e3o Laf\u00f5es apresentou estrat\u00e9gia para atrair investimento e refor\u00e7ar a economia regional"},"content":{"rendered":"\n<p><strong>Iniciativa define prioridades, mobiliza empresas e aposta na proje\u00e7\u00e3o internacional do territ\u00f3rio. Sess\u00e3o, em Viseu, destacou projeto INVEST e a participa\u00e7\u00e3o no F\u00f3rum Portugal Na\u00e7\u00e3o Global.<\/strong><\/p>\n\n\n\n<figure class=\"wp-block-image size-large\"><img decoding=\"async\" width=\"1024\" height=\"681\" src=\"https:\/\/www.atelierdocaractere.pt\/wp-content\/uploads\/2026\/04\/db5c9831-3402-3202-febc-0f4c354c18ba-1-1024x681.jpg\" alt=\"\" class=\"wp-image-14306\" srcset=\"https:\/\/www.atelierdocaractere.pt\/wp-content\/uploads\/2026\/04\/db5c9831-3402-3202-febc-0f4c354c18ba-1-1024x681.jpg 1024w, https:\/\/www.atelierdocaractere.pt\/wp-content\/uploads\/2026\/04\/db5c9831-3402-3202-febc-0f4c354c18ba-1-300x200.jpg 300w, https:\/\/www.atelierdocaractere.pt\/wp-content\/uploads\/2026\/04\/db5c9831-3402-3202-febc-0f4c354c18ba-1-768x511.jpg 768w, https:\/\/www.atelierdocaractere.pt\/wp-content\/uploads\/2026\/04\/db5c9831-3402-3202-febc-0f4c354c18ba-1-900x600.jpg 900w, https:\/\/www.atelierdocaractere.pt\/wp-content\/uploads\/2026\/04\/db5c9831-3402-3202-febc-0f4c354c18ba-1-675x450.jpg 675w, https:\/\/www.atelierdocaractere.pt\/wp-content\/uploads\/2026\/04\/db5c9831-3402-3202-febc-0f4c354c18ba-1.jpg 1200w\" sizes=\"(max-width: 1024px) 100vw, 1024px\" \/><\/figure>\n\n\n\n<p>A\u00a0<strong>Comunidade Intermunicipal (CIM) Viseu D\u00e3o Laf\u00f5es<\/strong>\u00a0e a\u00a0<strong>Associa\u00e7\u00e3o Empresarial da Regi\u00e3o de Viseu (AIRV)<\/strong>\u00a0apresentaram ontem, dia 23 de abril, na Casa do Adro, em Viseu, o projeto\u00a0<strong>INVEST Viseu D\u00e3o Laf\u00f5es<\/strong>\u00a0e a \u201c<strong>Estrat\u00e9gia e Programa de A\u00e7\u00e3o no Dom\u00ednio da Competitividade e Capta\u00e7\u00e3o de Investimento<\/strong>\u201d, duas iniciativas estruturantes para afirmar a regi\u00e3o como destino competitivo e atrativo para o investimento nacional e internacional. No evento, foi tamb\u00e9m apresentada a participa\u00e7\u00e3o de Viseu D\u00e3o Laf\u00f5es no\u00a0<strong>F\u00f3rum Portugal Na\u00e7\u00e3o Global<\/strong>, que ter\u00e1 lugar em Lisboa. \u00a0<br>\u00a0<br>A sess\u00e3o, que contou com respons\u00e1veis institucionais, agentes econ\u00f3micos e parceiros estrat\u00e9gicos, permitiu dar a conhecer as iniciativas em curso, desenvolvidas em parceria, com vista ao refor\u00e7o da competitividade regional, centradas na internacionaliza\u00e7\u00e3o empresarial, na capta\u00e7\u00e3o de investimento qualificado e na valoriza\u00e7\u00e3o dos setores-chave.<br>\u00a0<br>Durante a sess\u00e3o,\u00a0<strong>Sofia Freitas<\/strong>,\u00a0<strong>T\u00e9cnica Superior da CIM Viseu D\u00e3o Laf\u00f5es<\/strong>, apresentou o projeto INVEST Viseu D\u00e3o Laf\u00f5es, uma iniciativa que visa refor\u00e7ar a presen\u00e7a das empresas da regi\u00e3o nos mercados internacionais e aumentar o reconhecimento externo dos seus produtos e servi\u00e7os. O projeto, com dura\u00e7\u00e3o de 24 meses e cofinanciado pelo Programa Regional do Centro 2030 e pela Uni\u00e3o Europeia, dirige-se sobretudo \u00e0s PME dos setores agroalimentar, florestal e derivados, e economia prateada.<br>\u00a0<br>Estruturado em quatro eixos de interven\u00e7\u00e3o, o INVEST inclui a cria\u00e7\u00e3o de uma plataforma de intelig\u00eancia territorial e de ferramentas de promo\u00e7\u00e3o do territ\u00f3rio, a presen\u00e7a em feiras e a\u00e7\u00f5es de prospe\u00e7\u00e3o em mercados estrat\u00e9gicos, a realiza\u00e7\u00e3o de miss\u00f5es inversas para atrair investidores e a estrat\u00e9gia de posicionamento no setor da economia prateada, com destaque para mercados como os Pa\u00edses Baixos e os Estados Unidos da Am\u00e9rica.<br>\u00a0<br>Tamb\u00e9m foi apresentada a participa\u00e7\u00e3o de Viseu D\u00e3o Laf\u00f5es no F\u00f3rum Portugal Na\u00e7\u00e3o Global, que ter\u00e1 lugar nos dias 29 e 30 de abril, em Lisboa. Esta iniciativa, promovida pelo Minist\u00e9rio dos Neg\u00f3cios Estrangeiros e pela Secretaria de Estado das Comunidades Portuguesas e pela Funda\u00e7\u00e3o AEP, assume-se como uma plataforma orientada para resultados, que liga territ\u00f3rios, empres\u00e1rios da di\u00e1spora e PME nacionais, criando oportunidades concretas de investimento, parcerias e internacionaliza\u00e7\u00e3o.\u00a0<br>\u00a0<br>A apresenta\u00e7\u00e3o da\u00a0<strong>\u201cEstrat\u00e9gia e Programa de A\u00e7\u00e3o no Dom\u00ednio da Competitividade e Capta\u00e7\u00e3o de Investimento\u201d\u00a0<\/strong>ficou a cargo de\u00a0<strong>Miguel Sousa<\/strong>,\u00a0<strong>CEO da Inova+<\/strong>, que enquadrou a vis\u00e3o estrat\u00e9gica para o futuro econ\u00f3mico da regi\u00e3o. O documento resulta de um trabalho de diagn\u00f3stico e mobiliza\u00e7\u00e3o dos principais atores do territ\u00f3rio e define um conjunto de prioridades e instrumentos para potenciar o investimento, refor\u00e7ar o ecossistema empresarial e estruturar uma proposta de valor competitiva para Viseu D\u00e3o Laf\u00f5es, alinhada com as melhores pr\u00e1ticas nacionais e internacionais.<br>\u00a0<br>Durante a sess\u00e3o,\u00a0<strong>Jo\u00e3o Azevedo<\/strong>,\u00a0<strong>Presidente da CIM Viseu D\u00e3o Laf\u00f5es<\/strong>, abordou as vantagens de uma estrat\u00e9gia concertada para o desenvolvimento econ\u00f3mico da regi\u00e3o<em>. \u201cEste \u00e9 um momento decisivo para afirmarmos Viseu D\u00e3o Laf\u00f5es como um territ\u00f3rio competitivo \u00e0 escala nacional e internacional. Estamos a trabalhar de forma articulada para criar melhores condi\u00e7\u00f5es para as empresas, atrair investimento e gerar mais valor e emprego qualificado para a nossa regi\u00e3o\u201d<\/em>, sublinhou.<br>\u00a0<br>O Presidente da CIM acrescentou ainda que\u00a0<em>\u201ch\u00e1 um longo percurso pela frente, que exige energia, conhecimento e novas solu\u00e7\u00f5es para o desenvolvimento do territ\u00f3rio\u201d<\/em>, referindo a ambi\u00e7\u00e3o de\u00a0<em>\u201cmais investimento, melhores sal\u00e1rios, melhores vias de comunica\u00e7\u00e3o, mais cultura e desporto\u201d e<\/em>\u00a0destacando a import\u00e2ncia de\u00a0<em>\u201cfixar as pessoas em todas as fases da vida\u201d<\/em>\u00a0como eixo central da estrat\u00e9gia regional.<br>\u00a0<br>J\u00e1<strong>\u00a0Nuno Martinho<\/strong>,\u00a0<strong>Secret\u00e1rio Executivo da CIM Viseu D\u00e3o Laf\u00f5es<\/strong>, referiu que\u00a0<em>\u201co INVEST \u00e9 uma ferramenta estrat\u00e9gica para posicionar Viseu D\u00e3o Laf\u00f5es nos circuitos internacionais de investimento e afirmar o nosso territ\u00f3rio junto de decisores econ\u00f3micos globais\u201d<\/em>.<br>\u00a0<br><em>\u201cA presen\u00e7a de Viseu D\u00e3o Laf\u00f5es\u00a0<\/em>no\u00a0<em>F\u00f3rum Portugal Na\u00e7\u00e3o Global\u00a0permitir\u00e1 refor\u00e7ar a visibilidade do territ\u00f3rio junto de investidores internacionais, participar em reuni\u00f5es B2B e integrar uma rede global de contactos com potencial de gera\u00e7\u00e3o de novos projetos econ\u00f3micos\u201d<\/em>, acrescentou\u00a0<strong>Nuno Martinho<\/strong>.<br>\u00a0<br><strong>Jo\u00e3o Cotta<\/strong>,\u00a0<strong>Presidente da AIRV<\/strong>, salientou o papel do tecido empresarial e a necessidade de mudar o paradigma econ\u00f3mico regional.\u00a0<em>\u201cTemos um desafio de produtividade, n\u00e3o por falta de trabalho, mas pelo baixo valor acrescentado dos setores. \u00c9 essencial produzir de forma mais eficiente, subir na cadeia de valor e vender melhor, apostando no marketing, na diferencia\u00e7\u00e3o e na cria\u00e7\u00e3o de marca, bem como numa capta\u00e7\u00e3o de investimento mais proativa e orientada para setores estrat\u00e9gicos\u201d<\/em>, afirmou.<\/p>\n","protected":false},"excerpt":{"rendered":"<p>Iniciativa define prioridades, mobiliza empresas e aposta na proje\u00e7\u00e3o internacional do territ\u00f3rio. Sess\u00e3o, em Viseu, destacou projeto INVEST e a&#8230;<\/p>\n","protected":false},"author":7,"featured_media":14306,"comment_status":"closed","ping_status":"open","sticky":false,"template":"","format":"standard","meta":[],"categories":[39],"tags":[448],"yoast_head":"<!-- This site is optimized with the Yoast SEO plugin v20.12 - https:\/\/yoast.com\/wordpress\/plugins\/seo\/ -->\n<title>Viseu D\u00e3o Laf\u00f5es apresentou estrat\u00e9gia para atrair investimento e refor\u00e7ar a economia regional - Atelier do Caractere<\/title>\n<meta name=\"robots\" content=\"index, follow, max-snippet:-1, max-image-preview:large, max-video-preview:-1\" \/>\n<link rel=\"canonical\" href=\"https:\/\/www.atelierdocaractere.pt\/brevemente\/viseu-dao-lafoes-apresentou-estrategia-para-atrair-investimento-e-reforcar-a-economia-regional\/\" \/>\n<meta property=\"og:locale\" content=\"pt_PT\" \/>\n<meta property=\"og:type\" content=\"article\" \/>\n<meta property=\"og:title\" content=\"Viseu D\u00e3o Laf\u00f5es apresentou estrat\u00e9gia para atrair investimento e refor\u00e7ar a economia regional - Atelier do Caractere\" \/>\n<meta property=\"og:description\" content=\"Iniciativa define prioridades, mobiliza empresas e aposta na proje\u00e7\u00e3o internacional do territ\u00f3rio. Sess\u00e3o, em Viseu, destacou projeto INVEST e a...\" \/>\n<meta property=\"og:url\" content=\"https:\/\/www.atelierdocaractere.pt\/brevemente\/viseu-dao-lafoes-apresentou-estrategia-para-atrair-investimento-e-reforcar-a-economia-regional\/\" \/>\n<meta property=\"og:site_name\" content=\"Atelier do Caractere\" \/>\n<meta property=\"article:publisher\" content=\"https:\/\/www.facebook.com\/AtelierdoCaractere\" \/>\n<meta property=\"article:published_time\" content=\"2026-04-24T13:51:18+00:00\" \/>\n<meta property=\"article:modified_time\" content=\"2026-04-24T13:51:22+00:00\" \/>\n<meta property=\"og:image\" content=\"https:\/\/www.atelierdocaractere.pt\/wp-content\/uploads\/2026\/04\/db5c9831-3402-3202-febc-0f4c354c18ba-1.jpg\" \/>\n\t<meta property=\"og:image:width\" content=\"1200\" \/>\n\t<meta property=\"og:image:height\" content=\"798\" \/>\n\t<meta property=\"og:image:type\" content=\"image\/jpeg\" \/>\n<meta name=\"author\" content=\"Joana Barbosa\" \/>\n<meta name=\"twitter:card\" content=\"summary_large_image\" \/>\n<meta name=\"twitter:label1\" content=\"Escrito por\" \/>\n\t<meta name=\"twitter:data1\" content=\"Joana Barbosa\" \/>\n\t<meta name=\"twitter:label2\" content=\"Tempo estimado de leitura\" \/>\n\t<meta name=\"twitter:data2\" content=\"5 minutos\" \/>\n<script type=\"application\/ld+json\" class=\"yoast-schema-graph\">{\"@context\":\"https:\/\/schema.org\",\"@graph\":[{\"@type\":\"WebPage\",\"@id\":\"https:\/\/www.atelierdocaractere.pt\/brevemente\/viseu-dao-lafoes-apresentou-estrategia-para-atrair-investimento-e-reforcar-a-economia-regional\/\",\"url\":\"https:\/\/www.atelierdocaractere.pt\/brevemente\/viseu-dao-lafoes-apresentou-estrategia-para-atrair-investimento-e-reforcar-a-economia-regional\/\",\"name\":\"Viseu D\u00e3o Laf\u00f5es apresentou estrat\u00e9gia para atrair investimento e refor\u00e7ar a economia regional - Atelier do Caractere\",\"isPartOf\":{\"@id\":\"https:\/\/www.atelierdocaractere.pt\/brevemente\/#website\"},\"datePublished\":\"2026-04-24T13:51:18+00:00\",\"dateModified\":\"2026-04-24T13:51:22+00:00\",\"author\":{\"@id\":\"https:\/\/www.atelierdocaractere.pt\/brevemente\/#\/schema\/person\/f2f096eb0f27d9894725af22cb97c0db\"},\"breadcrumb\":{\"@id\":\"https:\/\/www.atelierdocaractere.pt\/brevemente\/viseu-dao-lafoes-apresentou-estrategia-para-atrair-investimento-e-reforcar-a-economia-regional\/#breadcrumb\"},\"inLanguage\":\"pt-PT\",\"potentialAction\":[{\"@type\":\"ReadAction\",\"target\":[\"https:\/\/www.atelierdocaractere.pt\/brevemente\/viseu-dao-lafoes-apresentou-estrategia-para-atrair-investimento-e-reforcar-a-economia-regional\/\"]}]},{\"@type\":\"BreadcrumbList\",\"@id\":\"https:\/\/www.atelierdocaractere.pt\/brevemente\/viseu-dao-lafoes-apresentou-estrategia-para-atrair-investimento-e-reforcar-a-economia-regional\/#breadcrumb\",\"itemListElement\":[{\"@type\":\"ListItem\",\"position\":1,\"name\":\"In\u00edcio\",\"item\":\"https:\/\/www.atelierdocaractere.pt\/brevemente\/\"},{\"@type\":\"ListItem\",\"position\":2,\"name\":\"Viseu D\u00e3o Laf\u00f5es apresentou estrat\u00e9gia para atrair investimento e refor\u00e7ar a economia regional\"}]},{\"@type\":\"WebSite\",\"@id\":\"https:\/\/www.atelierdocaractere.pt\/brevemente\/#website\",\"url\":\"https:\/\/www.atelierdocaractere.pt\/brevemente\/\",\"name\":\"Atelier do Caractere\",\"description\":\"\",\"potentialAction\":[{\"@type\":\"SearchAction\",\"target\":{\"@type\":\"EntryPoint\",\"urlTemplate\":\"https:\/\/www.atelierdocaractere.pt\/brevemente\/?s={search_term_string}\"},\"query-input\":\"required name=search_term_string\"}],\"inLanguage\":\"pt-PT\"},{\"@type\":\"Person\",\"@id\":\"https:\/\/www.atelierdocaractere.pt\/brevemente\/#\/schema\/person\/f2f096eb0f27d9894725af22cb97c0db\",\"name\":\"Joana Barbosa\",\"image\":{\"@type\":\"ImageObject\",\"inLanguage\":\"pt-PT\",\"@id\":\"https:\/\/www.atelierdocaractere.pt\/brevemente\/#\/schema\/person\/image\/\",\"url\":\"https:\/\/secure.gravatar.com\/avatar\/33e8214b45e9d68a3a83008731075979?s=96&d=mm&r=g\",\"contentUrl\":\"https:\/\/secure.gravatar.com\/avatar\/33e8214b45e9d68a3a83008731075979?s=96&d=mm&r=g\",\"caption\":\"Joana Barbosa\"},\"url\":\"https:\/\/www.atelierdocaractere.pt\/brevemente\/author\/joanabarbosa\/\"}]}<\/script>\n<!-- \/ Yoast SEO plugin. -->","yoast_head_json":{"title":"Viseu D\u00e3o Laf\u00f5es apresentou estrat\u00e9gia para atrair investimento e refor\u00e7ar a economia regional - Atelier do Caractere","robots":{"index":"index","follow":"follow","max-snippet":"max-snippet:-1","max-image-preview":"max-image-preview:large","max-video-preview":"max-video-preview:-1"},"canonical":"https:\/\/www.atelierdocaractere.pt\/brevemente\/viseu-dao-lafoes-apresentou-estrategia-para-atrair-investimento-e-reforcar-a-economia-regional\/","og_locale":"pt_PT","og_type":"article","og_title":"Viseu D\u00e3o Laf\u00f5es apresentou estrat\u00e9gia para atrair investimento e refor\u00e7ar a economia regional - Atelier do Caractere","og_description":"Iniciativa define prioridades, mobiliza empresas e aposta na proje\u00e7\u00e3o internacional do territ\u00f3rio. Sess\u00e3o, em Viseu, destacou projeto INVEST e a...","og_url":"https:\/\/www.atelierdocaractere.pt\/brevemente\/viseu-dao-lafoes-apresentou-estrategia-para-atrair-investimento-e-reforcar-a-economia-regional\/","og_site_name":"Atelier do Caractere","article_publisher":"https:\/\/www.facebook.com\/AtelierdoCaractere","article_published_time":"2026-04-24T13:51:18+00:00","article_modified_time":"2026-04-24T13:51:22+00:00","og_image":[{"width":1200,"height":798,"url":"https:\/\/www.atelierdocaractere.pt\/wp-content\/uploads\/2026\/04\/db5c9831-3402-3202-febc-0f4c354c18ba-1.jpg","type":"image\/jpeg"}],"author":"Joana Barbosa","twitter_card":"summary_large_image","twitter_misc":{"Escrito por":"Joana Barbosa","Tempo estimado de leitura":"5 minutos"},"schema":{"@context":"https:\/\/schema.org","@graph":[{"@type":"WebPage","@id":"https:\/\/www.atelierdocaractere.pt\/brevemente\/viseu-dao-lafoes-apresentou-estrategia-para-atrair-investimento-e-reforcar-a-economia-regional\/","url":"https:\/\/www.atelierdocaractere.pt\/brevemente\/viseu-dao-lafoes-apresentou-estrategia-para-atrair-investimento-e-reforcar-a-economia-regional\/","name":"Viseu D\u00e3o Laf\u00f5es apresentou estrat\u00e9gia para atrair investimento e refor\u00e7ar a economia regional - Atelier do Caractere","isPartOf":{"@id":"https:\/\/www.atelierdocaractere.pt\/brevemente\/#website"},"datePublished":"2026-04-24T13:51:18+00:00","dateModified":"2026-04-24T13:51:22+00:00","author":{"@id":"https:\/\/www.atelierdocaractere.pt\/brevemente\/#\/schema\/person\/f2f096eb0f27d9894725af22cb97c0db"},"breadcrumb":{"@id":"https:\/\/www.atelierdocaractere.pt\/brevemente\/viseu-dao-lafoes-apresentou-estrategia-para-atrair-investimento-e-reforcar-a-economia-regional\/#breadcrumb"},"inLanguage":"pt-PT","potentialAction":[{"@type":"ReadAction","target":["https:\/\/www.atelierdocaractere.pt\/brevemente\/viseu-dao-lafoes-apresentou-estrategia-para-atrair-investimento-e-reforcar-a-economia-regional\/"]}]},{"@type":"BreadcrumbList","@id":"https:\/\/www.atelierdocaractere.pt\/brevemente\/viseu-dao-lafoes-apresentou-estrategia-para-atrair-investimento-e-reforcar-a-economia-regional\/#breadcrumb","itemListElement":[{"@type":"ListItem","position":1,"name":"In\u00edcio","item":"https:\/\/www.atelierdocaractere.pt\/brevemente\/"},{"@type":"ListItem","position":2,"name":"Viseu D\u00e3o Laf\u00f5es apresentou estrat\u00e9gia para atrair investimento e refor\u00e7ar a economia regional"}]},{"@type":"WebSite","@id":"https:\/\/www.atelierdocaractere.pt\/brevemente\/#website","url":"https:\/\/www.atelierdocaractere.pt\/brevemente\/","name":"Atelier do Caractere","description":"","potentialAction":[{"@type":"SearchAction","target":{"@type":"EntryPoint","urlTemplate":"https:\/\/www.atelierdocaractere.pt\/brevemente\/?s={search_term_string}"},"query-input":"required name=search_term_string"}],"inLanguage":"pt-PT"},{"@type":"Person","@id":"https:\/\/www.atelierdocaractere.pt\/brevemente\/#\/schema\/person\/f2f096eb0f27d9894725af22cb97c0db","name":"Joana Barbosa","image":{"@type":"ImageObject","inLanguage":"pt-PT","@id":"https:\/\/www.atelierdocaractere.pt\/brevemente\/#\/schema\/person\/image\/","url":"https:\/\/secure.gravatar.com\/avatar\/33e8214b45e9d68a3a83008731075979?s=96&d=mm&r=g","contentUrl":"https:\/\/secure.gravatar.com\/avatar\/33e8214b45e9d68a3a83008731075979?s=96&d=mm&r=g","caption":"Joana Barbosa"},"url":"https:\/\/www.atelierdocaractere.pt\/brevemente\/author\/joanabarbosa\/"}]}},"_links":{"self":[{"href":"https:\/\/www.atelierdocaractere.pt\/brevemente\/wp-json\/wp\/v2\/posts\/14305"}],"collection":[{"href":"https:\/\/www.atelierdocaractere.pt\/brevemente\/wp-json\/wp\/v2\/posts"}],"about":[{"href":"https:\/\/www.atelierdocaractere.pt\/brevemente\/wp-json\/wp\/v2\/types\/post"}],"author":[{"embeddable":true,"href":"https:\/\/www.atelierdocaractere.pt\/brevemente\/wp-json\/wp\/v2\/users\/7"}],"replies":[{"embeddable":true,"href":"https:\/\/www.atelierdocaractere.pt\/brevemente\/wp-json\/wp\/v2\/comments?post=14305"}],"version-history":[{"count":1,"href":"https:\/\/www.atelierdocaractere.pt\/brevemente\/wp-json\/wp\/v2\/posts\/14305\/revisions"}],"predecessor-version":[{"id":14307,"href":"https:\/\/www.atelierdocaractere.pt\/brevemente\/wp-json\/wp\/v2\/posts\/14305\/revisions\/14307"}],"wp:featuredmedia":[{"embeddable":true,"href":"https:\/\/www.atelierdocaractere.pt\/brevemente\/wp-json\/wp\/v2\/media\/14306"}],"wp:attachment":[{"href":"https:\/\/www.atelierdocaractere.pt\/brevemente\/wp-json\/wp\/v2\/media?parent=14305"}],"wp:term":[{"taxonomy":"category","embeddable":true,"href":"https:\/\/www.atelierdocaractere.pt\/brevemente\/wp-json\/wp\/v2\/categories?post=14305"},{"taxonomy":"post_tag","embeddable":true,"href":"https:\/\/www.atelierdocaractere.pt\/brevemente\/wp-json\/wp\/v2\/tags?post=14305"}],"curies":[{"name":"wp","href":"https:\/\/api.w.org\/{rel}","templated":true}]}}