{"id":14308,"date":"2026-04-21T13:54:04","date_gmt":"2026-04-21T13:54:04","guid":{"rendered":"https:\/\/www.atelierdocaractere.pt\/brevemente\/?p=14308"},"modified":"2026-04-24T13:56:06","modified_gmt":"2026-04-24T13:56:06","slug":"cim-viseu-dao-lafoes-sauda-recomendacao-da-assembleia-da-republica-para-instalacao-de-centro-nacional-alternativo-de-protecao-civil","status":"publish","type":"post","link":"https:\/\/www.atelierdocaractere.pt\/brevemente\/cim-viseu-dao-lafoes-sauda-recomendacao-da-assembleia-da-republica-para-instalacao-de-centro-nacional-alternativo-de-protecao-civil\/","title":{"rendered":"CIM Viseu D\u00e3o Laf\u00f5es sa\u00fada recomenda\u00e7\u00e3o da Assembleia da Rep\u00fablica para instala\u00e7\u00e3o de Centro Nacional Alternativo de Prote\u00e7\u00e3o Civil"},"content":{"rendered":"\n<p><strong>\u201cA resolu\u00e7\u00e3o aprovada pela Assembleia da Rep\u00fablica refor\u00e7a a urg\u00eancia de um projeto estruturante para a coes\u00e3o nacional. Viseu D\u00e3o Laf\u00f5es tem condi\u00e7\u00f5es excecionais para uma lideran\u00e7a nacional nesta mat\u00e9ria\u201d, sublinha Jo\u00e3o Azevedo, Presidente da CIM. A solu\u00e7\u00e3o refor\u00e7a a redund\u00e2ncia e a capacidade de resposta nacional perante eventos extremos.<\/strong><\/p>\n\n\n\n<figure class=\"wp-block-image size-large\"><img decoding=\"async\" width=\"1024\" height=\"682\" src=\"https:\/\/www.atelierdocaractere.pt\/wp-content\/uploads\/2026\/04\/86ff541a-54f9-c942-cdd4-a17ff10e697b-1024x682.jpg\" alt=\"\" class=\"wp-image-14309\" srcset=\"https:\/\/www.atelierdocaractere.pt\/wp-content\/uploads\/2026\/04\/86ff541a-54f9-c942-cdd4-a17ff10e697b-1024x682.jpg 1024w, https:\/\/www.atelierdocaractere.pt\/wp-content\/uploads\/2026\/04\/86ff541a-54f9-c942-cdd4-a17ff10e697b-300x200.jpg 300w, https:\/\/www.atelierdocaractere.pt\/wp-content\/uploads\/2026\/04\/86ff541a-54f9-c942-cdd4-a17ff10e697b-768x511.jpg 768w, https:\/\/www.atelierdocaractere.pt\/wp-content\/uploads\/2026\/04\/86ff541a-54f9-c942-cdd4-a17ff10e697b-900x600.jpg 900w, https:\/\/www.atelierdocaractere.pt\/wp-content\/uploads\/2026\/04\/86ff541a-54f9-c942-cdd4-a17ff10e697b-675x450.jpg 675w, https:\/\/www.atelierdocaractere.pt\/wp-content\/uploads\/2026\/04\/86ff541a-54f9-c942-cdd4-a17ff10e697b.jpg 1200w\" sizes=\"(max-width: 1024px) 100vw, 1024px\" \/><\/figure>\n\n\n\n<p>A\u00a0<strong>Comunidade Intermunicipal (CIM) Viseu D\u00e3o Laf\u00f5es<\/strong>\u00a0congratula-se com a publica\u00e7\u00e3o, em Di\u00e1rio da Rep\u00fablica, da resolu\u00e7\u00e3o aprovada pela Assembleia da Rep\u00fablica, que recomenda ao Governo, com car\u00e1cter priorit\u00e1rio, a cria\u00e7\u00e3o, desenvolvimento e instala\u00e7\u00e3o de um\u00a0<strong>Centro Nacional Alternativo de Socorro<\/strong>\u00a0da Prote\u00e7\u00e3o Civil, no Aer\u00f3dromo Municipal de Viseu.<br>\u00a0<br>A Resolu\u00e7\u00e3o da Assembleia da Rep\u00fablica n.\u00ba 74\/2026, aprovada a 6 de mar\u00e7o, foi publicada na edi\u00e7\u00e3o de 20 de abril do Di\u00e1rio da Rep\u00fablica, reconhecendo a import\u00e2ncia estrat\u00e9gica desta infraestrutura para o refor\u00e7o da capacidade nacional de resposta a situa\u00e7\u00f5es de emerg\u00eancia.<br>\u00a0<br>Recorde-se que a\u00a0<strong>CIM Viseu D\u00e3o Laf\u00f5es<\/strong>\u00a0defende, desde a primeira hora, a concretiza\u00e7\u00e3o deste projeto, que aprovou por unanimidade em sede de Conselho Intermunicipal. Trata-se de um equipamento de grande import\u00e2ncia para o pa\u00eds, que permitir\u00e1 refor\u00e7ar a capacidade de preven\u00e7\u00e3o, planeamento e resposta, assegurando maior resili\u00eancia e redund\u00e2ncia do sistema de prote\u00e7\u00e3o civil, num contexto de crescente exig\u00eancia operacional associada a fen\u00f3menos meteorol\u00f3gicos extremos e outros riscos naturais.<br>\u00a0<br><strong>Jo\u00e3o Azevedo, Presidente da CIM Viseu D\u00e3o Laf\u00f5es<\/strong>\u00a0<strong>e da<\/strong>\u00a0<strong>C\u00e2mara Municipal de Viseu<\/strong>, considera que esta \u00e9 uma evolu\u00e7\u00e3o muito positiva, que vai ao encontro de uma vontade h\u00e1 muitos anos assumida pelas entidades da regi\u00e3o.<br>\u00a0<br><em>\u201cA resolu\u00e7\u00e3o vem refor\u00e7ar a relev\u00e2ncia e a urg\u00eancia de um projeto que consideramos estruturante para a seguran\u00e7a das popula\u00e7\u00f5es e para a coes\u00e3o nacional. Trata-se de um des\u00edgnio com cerca de duas d\u00e9cadas, sustentado por crit\u00e9rios t\u00e9cnicos e geogr\u00e1ficos. A regi\u00e3o Viseu D\u00e3o Laf\u00f5es e a cidade de Viseu t\u00eam condi\u00e7\u00f5es excecionais para uma lideran\u00e7a nacional nesta mat\u00e9ria\u201d<\/em>, sublinha.<br>\u00a0<br>O respons\u00e1vel acrescenta que\u00a0<em>\u201ca regi\u00e3o est\u00e1 no cora\u00e7\u00e3o do pa\u00eds, num territ\u00f3rio particularmente exposto a inc\u00eandios florestais e a fen\u00f3menos meteorol\u00f3gicos extremos, pelo que esta \u00e9 uma localiza\u00e7\u00e3o estrat\u00e9gica para um Centro de Socorro que complemente o Comando Nacional existente em Carnaxide\u201d<\/em>.<br>\u00a0<br>Jo\u00e3o Azevedo adianta ainda que a CIM, juntamente com a Autoridade Nacional de Emerg\u00eancia e Prote\u00e7\u00e3o Civil (ANEPC), j\u00e1 come\u00e7ou a desenvolver os procedimentos necess\u00e1rios para avan\u00e7ar com o projeto.<br>\u00a0<br>O projeto prev\u00ea a instala\u00e7\u00e3o do centro no Aer\u00f3dromo Municipal de Viseu \u2013 Gon\u00e7alves Lobato, em terreno do Munic\u00edpio de Viseu. Est\u00e1 previsto que o equipamento integre infraestruturas da ANEPC, incluindo um Comando Nacional de Emerg\u00eancia e Prote\u00e7\u00e3o Civil alternativo, um Centro de Meios A\u00e9reos, o Comando Sub-Regional de Emerg\u00eancia e Prote\u00e7\u00e3o Civil e tr\u00eas hangares para fins gerais de prote\u00e7\u00e3o civil.<br>\u00a0<br>Na reuni\u00e3o do Conselho Intermunicipal, foi deliberado que\u00a0<strong>ser\u00e1 a CIM Viseu D\u00e3o Laf\u00f5es, em estreita coopera\u00e7\u00e3o estrat\u00e9gica e operacional com a ANEPC, a assumir a lideran\u00e7a do processo<\/strong>\u00a0de concretiza\u00e7\u00e3o do projeto, incluindo a elabora\u00e7\u00e3o dos estudos pr\u00e9vios, do projeto de execu\u00e7\u00e3o e das respetivas especialidades.<br>\u00a0<br>Est\u00e1 igualmente prevista a formaliza\u00e7\u00e3o de um protocolo entre a CIM Viseu D\u00e3o Laf\u00f5es, a ANEPC, o Munic\u00edpio de Viseu e o Governo, com vista \u00e0 defini\u00e7\u00e3o do modelo de implementa\u00e7\u00e3o do investimento.<br>\u00a0<br>A CIM Viseu D\u00e3o Laf\u00f5es reafirma a sua total disponibilidade para colaborar com o Governo e com as entidades competentes na concretiza\u00e7\u00e3o deste projeto.<\/p>\n\n\n\n<p><strong>Sobre a CIM Viseu D\u00e3o Laf\u00f5es:<\/strong><br>A CIM Viseu D\u00e3o Laf\u00f5es \u00e9 uma associa\u00e7\u00e3o de munic\u00edpios, denominada como Comunidade Intermunicipal, sendo constitu\u00edda pelos munic\u00edpios de\u00a0Aguiar da Beira, Carregal do Sal, Castro Daire, Mangualde, Nelas, Oliveira de Frades, Penalva do Castelo, Santa Comba D\u00e3o, S\u00e3o Pedro do Sul, S\u00e1t\u00e3o, Tondela, Vila Nova de Paiva, Viseu e Vouzela.<\/p>\n","protected":false},"excerpt":{"rendered":"<p>\u201cA resolu\u00e7\u00e3o aprovada pela Assembleia da Rep\u00fablica refor\u00e7a a urg\u00eancia de um projeto estruturante para a coes\u00e3o nacional. Viseu D\u00e3o&#8230;<\/p>\n","protected":false},"author":7,"featured_media":14309,"comment_status":"closed","ping_status":"open","sticky":false,"template":"","format":"standard","meta":[],"categories":[67],"tags":[448],"yoast_head":"<!-- This site is optimized with the Yoast SEO plugin v20.12 - https:\/\/yoast.com\/wordpress\/plugins\/seo\/ -->\n<title>CIM Viseu D\u00e3o Laf\u00f5es sa\u00fada recomenda\u00e7\u00e3o da Assembleia da Rep\u00fablica para instala\u00e7\u00e3o de Centro Nacional Alternativo de Prote\u00e7\u00e3o Civil - Atelier do Caractere<\/title>\n<meta name=\"robots\" content=\"index, follow, max-snippet:-1, max-image-preview:large, max-video-preview:-1\" \/>\n<link rel=\"canonical\" href=\"https:\/\/www.atelierdocaractere.pt\/brevemente\/cim-viseu-dao-lafoes-sauda-recomendacao-da-assembleia-da-republica-para-instalacao-de-centro-nacional-alternativo-de-protecao-civil\/\" \/>\n<meta property=\"og:locale\" content=\"pt_PT\" \/>\n<meta property=\"og:type\" content=\"article\" \/>\n<meta property=\"og:title\" content=\"CIM Viseu D\u00e3o Laf\u00f5es sa\u00fada recomenda\u00e7\u00e3o da Assembleia da Rep\u00fablica para instala\u00e7\u00e3o de Centro Nacional Alternativo de Prote\u00e7\u00e3o Civil - Atelier do Caractere\" \/>\n<meta property=\"og:description\" content=\"\u201cA resolu\u00e7\u00e3o aprovada pela Assembleia da Rep\u00fablica refor\u00e7a a urg\u00eancia de um projeto estruturante para a coes\u00e3o nacional. Viseu D\u00e3o...\" \/>\n<meta property=\"og:url\" content=\"https:\/\/www.atelierdocaractere.pt\/brevemente\/cim-viseu-dao-lafoes-sauda-recomendacao-da-assembleia-da-republica-para-instalacao-de-centro-nacional-alternativo-de-protecao-civil\/\" \/>\n<meta property=\"og:site_name\" content=\"Atelier do Caractere\" \/>\n<meta property=\"article:publisher\" content=\"https:\/\/www.facebook.com\/AtelierdoCaractere\" \/>\n<meta property=\"article:published_time\" content=\"2026-04-21T13:54:04+00:00\" \/>\n<meta property=\"article:modified_time\" content=\"2026-04-24T13:56:06+00:00\" \/>\n<meta property=\"og:image\" content=\"https:\/\/www.atelierdocaractere.pt\/wp-content\/uploads\/2026\/04\/86ff541a-54f9-c942-cdd4-a17ff10e697b.jpg\" \/>\n\t<meta property=\"og:image:width\" content=\"1200\" \/>\n\t<meta property=\"og:image:height\" content=\"799\" \/>\n\t<meta property=\"og:image:type\" content=\"image\/jpeg\" \/>\n<meta name=\"author\" content=\"Joana Barbosa\" \/>\n<meta name=\"twitter:card\" content=\"summary_large_image\" \/>\n<meta name=\"twitter:label1\" content=\"Escrito por\" \/>\n\t<meta name=\"twitter:data1\" content=\"Joana Barbosa\" \/>\n\t<meta name=\"twitter:label2\" content=\"Tempo estimado de leitura\" \/>\n\t<meta name=\"twitter:data2\" content=\"4 minutos\" \/>\n<script type=\"application\/ld+json\" class=\"yoast-schema-graph\">{\"@context\":\"https:\/\/schema.org\",\"@graph\":[{\"@type\":\"WebPage\",\"@id\":\"https:\/\/www.atelierdocaractere.pt\/brevemente\/cim-viseu-dao-lafoes-sauda-recomendacao-da-assembleia-da-republica-para-instalacao-de-centro-nacional-alternativo-de-protecao-civil\/\",\"url\":\"https:\/\/www.atelierdocaractere.pt\/brevemente\/cim-viseu-dao-lafoes-sauda-recomendacao-da-assembleia-da-republica-para-instalacao-de-centro-nacional-alternativo-de-protecao-civil\/\",\"name\":\"CIM Viseu D\u00e3o Laf\u00f5es sa\u00fada recomenda\u00e7\u00e3o da Assembleia da Rep\u00fablica para instala\u00e7\u00e3o de Centro Nacional Alternativo de Prote\u00e7\u00e3o Civil - Atelier do Caractere\",\"isPartOf\":{\"@id\":\"https:\/\/www.atelierdocaractere.pt\/brevemente\/#website\"},\"datePublished\":\"2026-04-21T13:54:04+00:00\",\"dateModified\":\"2026-04-24T13:56:06+00:00\",\"author\":{\"@id\":\"https:\/\/www.atelierdocaractere.pt\/brevemente\/#\/schema\/person\/f2f096eb0f27d9894725af22cb97c0db\"},\"breadcrumb\":{\"@id\":\"https:\/\/www.atelierdocaractere.pt\/brevemente\/cim-viseu-dao-lafoes-sauda-recomendacao-da-assembleia-da-republica-para-instalacao-de-centro-nacional-alternativo-de-protecao-civil\/#breadcrumb\"},\"inLanguage\":\"pt-PT\",\"potentialAction\":[{\"@type\":\"ReadAction\",\"target\":[\"https:\/\/www.atelierdocaractere.pt\/brevemente\/cim-viseu-dao-lafoes-sauda-recomendacao-da-assembleia-da-republica-para-instalacao-de-centro-nacional-alternativo-de-protecao-civil\/\"]}]},{\"@type\":\"BreadcrumbList\",\"@id\":\"https:\/\/www.atelierdocaractere.pt\/brevemente\/cim-viseu-dao-lafoes-sauda-recomendacao-da-assembleia-da-republica-para-instalacao-de-centro-nacional-alternativo-de-protecao-civil\/#breadcrumb\",\"itemListElement\":[{\"@type\":\"ListItem\",\"position\":1,\"name\":\"In\u00edcio\",\"item\":\"https:\/\/www.atelierdocaractere.pt\/brevemente\/\"},{\"@type\":\"ListItem\",\"position\":2,\"name\":\"CIM Viseu D\u00e3o Laf\u00f5es sa\u00fada recomenda\u00e7\u00e3o da Assembleia da Rep\u00fablica para instala\u00e7\u00e3o de Centro Nacional Alternativo de Prote\u00e7\u00e3o Civil\"}]},{\"@type\":\"WebSite\",\"@id\":\"https:\/\/www.atelierdocaractere.pt\/brevemente\/#website\",\"url\":\"https:\/\/www.atelierdocaractere.pt\/brevemente\/\",\"name\":\"Atelier do Caractere\",\"description\":\"\",\"potentialAction\":[{\"@type\":\"SearchAction\",\"target\":{\"@type\":\"EntryPoint\",\"urlTemplate\":\"https:\/\/www.atelierdocaractere.pt\/brevemente\/?s={search_term_string}\"},\"query-input\":\"required name=search_term_string\"}],\"inLanguage\":\"pt-PT\"},{\"@type\":\"Person\",\"@id\":\"https:\/\/www.atelierdocaractere.pt\/brevemente\/#\/schema\/person\/f2f096eb0f27d9894725af22cb97c0db\",\"name\":\"Joana Barbosa\",\"image\":{\"@type\":\"ImageObject\",\"inLanguage\":\"pt-PT\",\"@id\":\"https:\/\/www.atelierdocaractere.pt\/brevemente\/#\/schema\/person\/image\/\",\"url\":\"https:\/\/secure.gravatar.com\/avatar\/33e8214b45e9d68a3a83008731075979?s=96&d=mm&r=g\",\"contentUrl\":\"https:\/\/secure.gravatar.com\/avatar\/33e8214b45e9d68a3a83008731075979?s=96&d=mm&r=g\",\"caption\":\"Joana Barbosa\"},\"url\":\"https:\/\/www.atelierdocaractere.pt\/brevemente\/author\/joanabarbosa\/\"}]}<\/script>\n<!-- \/ Yoast SEO plugin. -->","yoast_head_json":{"title":"CIM Viseu D\u00e3o Laf\u00f5es sa\u00fada recomenda\u00e7\u00e3o da Assembleia da Rep\u00fablica para instala\u00e7\u00e3o de Centro Nacional Alternativo de Prote\u00e7\u00e3o Civil - Atelier do Caractere","robots":{"index":"index","follow":"follow","max-snippet":"max-snippet:-1","max-image-preview":"max-image-preview:large","max-video-preview":"max-video-preview:-1"},"canonical":"https:\/\/www.atelierdocaractere.pt\/brevemente\/cim-viseu-dao-lafoes-sauda-recomendacao-da-assembleia-da-republica-para-instalacao-de-centro-nacional-alternativo-de-protecao-civil\/","og_locale":"pt_PT","og_type":"article","og_title":"CIM Viseu D\u00e3o Laf\u00f5es sa\u00fada recomenda\u00e7\u00e3o da Assembleia da Rep\u00fablica para instala\u00e7\u00e3o de Centro Nacional Alternativo de Prote\u00e7\u00e3o Civil - Atelier do Caractere","og_description":"\u201cA resolu\u00e7\u00e3o aprovada pela Assembleia da Rep\u00fablica refor\u00e7a a urg\u00eancia de um projeto estruturante para a coes\u00e3o nacional. Viseu D\u00e3o...","og_url":"https:\/\/www.atelierdocaractere.pt\/brevemente\/cim-viseu-dao-lafoes-sauda-recomendacao-da-assembleia-da-republica-para-instalacao-de-centro-nacional-alternativo-de-protecao-civil\/","og_site_name":"Atelier do Caractere","article_publisher":"https:\/\/www.facebook.com\/AtelierdoCaractere","article_published_time":"2026-04-21T13:54:04+00:00","article_modified_time":"2026-04-24T13:56:06+00:00","og_image":[{"width":1200,"height":799,"url":"https:\/\/www.atelierdocaractere.pt\/wp-content\/uploads\/2026\/04\/86ff541a-54f9-c942-cdd4-a17ff10e697b.jpg","type":"image\/jpeg"}],"author":"Joana Barbosa","twitter_card":"summary_large_image","twitter_misc":{"Escrito por":"Joana Barbosa","Tempo estimado de leitura":"4 minutos"},"schema":{"@context":"https:\/\/schema.org","@graph":[{"@type":"WebPage","@id":"https:\/\/www.atelierdocaractere.pt\/brevemente\/cim-viseu-dao-lafoes-sauda-recomendacao-da-assembleia-da-republica-para-instalacao-de-centro-nacional-alternativo-de-protecao-civil\/","url":"https:\/\/www.atelierdocaractere.pt\/brevemente\/cim-viseu-dao-lafoes-sauda-recomendacao-da-assembleia-da-republica-para-instalacao-de-centro-nacional-alternativo-de-protecao-civil\/","name":"CIM Viseu D\u00e3o Laf\u00f5es sa\u00fada recomenda\u00e7\u00e3o da Assembleia da Rep\u00fablica para instala\u00e7\u00e3o de Centro Nacional Alternativo de Prote\u00e7\u00e3o Civil - Atelier do Caractere","isPartOf":{"@id":"https:\/\/www.atelierdocaractere.pt\/brevemente\/#website"},"datePublished":"2026-04-21T13:54:04+00:00","dateModified":"2026-04-24T13:56:06+00:00","author":{"@id":"https:\/\/www.atelierdocaractere.pt\/brevemente\/#\/schema\/person\/f2f096eb0f27d9894725af22cb97c0db"},"breadcrumb":{"@id":"https:\/\/www.atelierdocaractere.pt\/brevemente\/cim-viseu-dao-lafoes-sauda-recomendacao-da-assembleia-da-republica-para-instalacao-de-centro-nacional-alternativo-de-protecao-civil\/#breadcrumb"},"inLanguage":"pt-PT","potentialAction":[{"@type":"ReadAction","target":["https:\/\/www.atelierdocaractere.pt\/brevemente\/cim-viseu-dao-lafoes-sauda-recomendacao-da-assembleia-da-republica-para-instalacao-de-centro-nacional-alternativo-de-protecao-civil\/"]}]},{"@type":"BreadcrumbList","@id":"https:\/\/www.atelierdocaractere.pt\/brevemente\/cim-viseu-dao-lafoes-sauda-recomendacao-da-assembleia-da-republica-para-instalacao-de-centro-nacional-alternativo-de-protecao-civil\/#breadcrumb","itemListElement":[{"@type":"ListItem","position":1,"name":"In\u00edcio","item":"https:\/\/www.atelierdocaractere.pt\/brevemente\/"},{"@type":"ListItem","position":2,"name":"CIM Viseu D\u00e3o Laf\u00f5es sa\u00fada recomenda\u00e7\u00e3o da Assembleia da Rep\u00fablica para instala\u00e7\u00e3o de Centro Nacional Alternativo de Prote\u00e7\u00e3o Civil"}]},{"@type":"WebSite","@id":"https:\/\/www.atelierdocaractere.pt\/brevemente\/#website","url":"https:\/\/www.atelierdocaractere.pt\/brevemente\/","name":"Atelier do Caractere","description":"","potentialAction":[{"@type":"SearchAction","target":{"@type":"EntryPoint","urlTemplate":"https:\/\/www.atelierdocaractere.pt\/brevemente\/?s={search_term_string}"},"query-input":"required name=search_term_string"}],"inLanguage":"pt-PT"},{"@type":"Person","@id":"https:\/\/www.atelierdocaractere.pt\/brevemente\/#\/schema\/person\/f2f096eb0f27d9894725af22cb97c0db","name":"Joana Barbosa","image":{"@type":"ImageObject","inLanguage":"pt-PT","@id":"https:\/\/www.atelierdocaractere.pt\/brevemente\/#\/schema\/person\/image\/","url":"https:\/\/secure.gravatar.com\/avatar\/33e8214b45e9d68a3a83008731075979?s=96&d=mm&r=g","contentUrl":"https:\/\/secure.gravatar.com\/avatar\/33e8214b45e9d68a3a83008731075979?s=96&d=mm&r=g","caption":"Joana Barbosa"},"url":"https:\/\/www.atelierdocaractere.pt\/brevemente\/author\/joanabarbosa\/"}]}},"_links":{"self":[{"href":"https:\/\/www.atelierdocaractere.pt\/brevemente\/wp-json\/wp\/v2\/posts\/14308"}],"collection":[{"href":"https:\/\/www.atelierdocaractere.pt\/brevemente\/wp-json\/wp\/v2\/posts"}],"about":[{"href":"https:\/\/www.atelierdocaractere.pt\/brevemente\/wp-json\/wp\/v2\/types\/post"}],"author":[{"embeddable":true,"href":"https:\/\/www.atelierdocaractere.pt\/brevemente\/wp-json\/wp\/v2\/users\/7"}],"replies":[{"embeddable":true,"href":"https:\/\/www.atelierdocaractere.pt\/brevemente\/wp-json\/wp\/v2\/comments?post=14308"}],"version-history":[{"count":1,"href":"https:\/\/www.atelierdocaractere.pt\/brevemente\/wp-json\/wp\/v2\/posts\/14308\/revisions"}],"predecessor-version":[{"id":14310,"href":"https:\/\/www.atelierdocaractere.pt\/brevemente\/wp-json\/wp\/v2\/posts\/14308\/revisions\/14310"}],"wp:featuredmedia":[{"embeddable":true,"href":"https:\/\/www.atelierdocaractere.pt\/brevemente\/wp-json\/wp\/v2\/media\/14309"}],"wp:attachment":[{"href":"https:\/\/www.atelierdocaractere.pt\/brevemente\/wp-json\/wp\/v2\/media?parent=14308"}],"wp:term":[{"taxonomy":"category","embeddable":true,"href":"https:\/\/www.atelierdocaractere.pt\/brevemente\/wp-json\/wp\/v2\/categories?post=14308"},{"taxonomy":"post_tag","embeddable":true,"href":"https:\/\/www.atelierdocaractere.pt\/brevemente\/wp-json\/wp\/v2\/tags?post=14308"}],"curies":[{"name":"wp","href":"https:\/\/api.w.org\/{rel}","templated":true}]}}