{"id":14311,"date":"2026-04-19T13:56:22","date_gmt":"2026-04-19T13:56:22","guid":{"rendered":"https:\/\/www.atelierdocaractere.pt\/brevemente\/?p=14311"},"modified":"2026-04-24T13:58:35","modified_gmt":"2026-04-24T13:58:35","slug":"centro-de-portugal-no-epicentro-da-elite-mundial-da-corrida-de-montanha","status":"publish","type":"post","link":"https:\/\/www.atelierdocaractere.pt\/brevemente\/centro-de-portugal-no-epicentro-da-elite-mundial-da-corrida-de-montanha\/","title":{"rendered":"Centro de Portugal no epicentro da elite mundial da corrida de montanha"},"content":{"rendered":"\n<p><strong>Prova inaugural da Ta\u00e7a do Mundo WMRA, disputada hoje em Castro Daire, refor\u00e7a posicionamento da regi\u00e3o como destino de excel\u00eancia para o turismo desportivo.<\/strong><\/p>\n\n\n\n<figure class=\"wp-block-image size-large\"><img decoding=\"async\" width=\"1024\" height=\"683\" src=\"https:\/\/www.atelierdocaractere.pt\/wp-content\/uploads\/2026\/04\/1f589898-dde3-e189-3cd7-9b1da8fcede1-1024x683.jpg\" alt=\"\" class=\"wp-image-14312\" srcset=\"https:\/\/www.atelierdocaractere.pt\/wp-content\/uploads\/2026\/04\/1f589898-dde3-e189-3cd7-9b1da8fcede1-1024x683.jpg 1024w, https:\/\/www.atelierdocaractere.pt\/wp-content\/uploads\/2026\/04\/1f589898-dde3-e189-3cd7-9b1da8fcede1-300x200.jpg 300w, https:\/\/www.atelierdocaractere.pt\/wp-content\/uploads\/2026\/04\/1f589898-dde3-e189-3cd7-9b1da8fcede1-768x512.jpg 768w, https:\/\/www.atelierdocaractere.pt\/wp-content\/uploads\/2026\/04\/1f589898-dde3-e189-3cd7-9b1da8fcede1-900x600.jpg 900w, https:\/\/www.atelierdocaractere.pt\/wp-content\/uploads\/2026\/04\/1f589898-dde3-e189-3cd7-9b1da8fcede1-675x450.jpg 675w, https:\/\/www.atelierdocaractere.pt\/wp-content\/uploads\/2026\/04\/1f589898-dde3-e189-3cd7-9b1da8fcede1.jpg 1200w\" sizes=\"(max-width: 1024px) 100vw, 1024px\" \/><\/figure>\n\n\n\n<p>A aldeia da Granja, no concelho de Castro Daire, esteve hoje no centro das aten\u00e7\u00f5es desportivas internacionais ao receber o arranque da\u00a0<strong>Ta\u00e7a do Mundo de Corrida de Montanha<\/strong>\u00a0da\u00a0<strong>World Mountain Running Association<\/strong>\u00a0(WMRA), coincidente com a 19.\u00aa edi\u00e7\u00e3o do Cross de S\u00e3o Br\u00e1s.<br>\u00a0<br>A competi\u00e7\u00e3o reuniu cerca de 700 atletas de v\u00e1rias idades e nacionalidades, num evento que mobilizou toda a comunidade, e integrou igualmente o Campeonato Nacional de Corrida de Montanha e o programa (Per)Correr Castro Daire.<br>\u00a0<br>Num percurso exigente, em harmonia com a paisagem natural da serra de Montemuro, os melhores atletas do mundo de corrida de montanha proporcionaram um espet\u00e1culo de elevado n\u00edvel competitivo. Em termos desportivos, destaque para as vit\u00f3rias de dois atletas quenianos \u2013 Michael Saoli, em masculinos, e Ruth Gitonga, em femininos \u2013 numa edi\u00e7\u00e3o marcada pela forte presen\u00e7a internacional.<br>\u00a0<br>A realiza\u00e7\u00e3o do Cross de S\u00e3o Br\u00e1s assume particular import\u00e2ncia para a\u00a0<strong>Turismo Centro de Portugal<\/strong>, ao afirmar-se como uma das provas \u00e2ncora do projeto\u00a0<strong>MOVE Centro Portugal \u2013 The Sports Region<\/strong>, uma estrat\u00e9gia que posiciona a regi\u00e3o como destino de refer\u00eancia para o turismo desportivo, de natureza e sustent\u00e1vel.<br>\u00a0<br>O evento refor\u00e7a ainda o impacto da\u00a0<strong>parceria estabelecida entre a Turismo Centro de Portugal e a WMRA<\/strong>, no \u00e2mbito da qual a entidade regional \u00e9 parceira oficial da categoria cl\u00e1ssica de montanha (Up and Downhill) em metade das etapas da Ta\u00e7a do Mundo, garantindo tamb\u00e9m que a prova inaugural decorre no Centro de Portugal. A assinatura da parceria teve lugar na v\u00e9spera da prova, na Granja, durante a\u00a0<strong>Cimeira Internacional de Montanha \u2013 Desporto e Territ\u00f3rio<\/strong>, momento que refor\u00e7ou a reflex\u00e3o sobre a rela\u00e7\u00e3o entre desporto, territ\u00f3rio e desenvolvimento sustent\u00e1vel.<br>\u00a0<br>Para\u00a0<strong>Rui Ventura<\/strong>, presidente da Turismo Centro de Portugal,\u00a0<em>\u201ca realiza\u00e7\u00e3o do\u00a0Cross de S\u00e3o Br\u00e1s\u00a0como etapa inaugural da Ta\u00e7a do Mundo de Corrida de Montanha \u00e9 um momento de grande afirma\u00e7\u00e3o para o Centro de Portugal. Este \u00e9 um evento que projeta internacionalmente o nosso territ\u00f3rio e demonstra como o desporto pode ser um fator important\u00edssimo de desenvolvimento, de coes\u00e3o e de valoriza\u00e7\u00e3o das comunidades locais\u201d<\/em>.\u00a0<em>\u201c\u00c9 tamb\u00e9m um exemplo concreto da estrat\u00e9gia que estamos a implementar com o MOVE Centro Portugal \u2013 The Sports Region, posicionando a regi\u00e3o como um destino de excel\u00eancia para grandes eventos desportivos, em estreita liga\u00e7\u00e3o com a natureza\u201d<\/em>, acrescenta.<\/p>\n\n\n\n<p><strong>Sobre a Turismo Centro de Portugal:<\/strong><\/p>\n\n\n\n<p>A Turismo Centro de Portugal \u00e9 a entidade que estrutura e promove o turismo na Regi\u00e3o Centro do pa\u00eds. Esta \u00e9 a maior e mais diversificada \u00e1rea tur\u00edstica nacional, abrangendo 100 munic\u00edpios, e tem registado um intenso crescimento da procura interna e externa. \u00c9 a regi\u00e3o a escolher para quem pretende experi\u00eancias diversificadas, pois concilia locais Patrim\u00f3nio da Humanidade com a melhor costa de surf da Europa, termas e spas id\u00edlicos, locais de culto de import\u00e2ncia mundial e as mais belas aldeias.<\/p>\n","protected":false},"excerpt":{"rendered":"<p>Prova inaugural da Ta\u00e7a do Mundo WMRA, disputada hoje em Castro Daire, refor\u00e7a posicionamento da regi\u00e3o como destino de excel\u00eancia&#8230;<\/p>\n","protected":false},"author":7,"featured_media":14312,"comment_status":"closed","ping_status":"open","sticky":false,"template":"","format":"standard","meta":[],"categories":[39],"tags":[346],"yoast_head":"<!-- This site is optimized with the Yoast SEO plugin v20.12 - https:\/\/yoast.com\/wordpress\/plugins\/seo\/ -->\n<title>Centro de Portugal no epicentro da elite mundial da corrida de montanha - Atelier do Caractere<\/title>\n<meta name=\"robots\" content=\"index, follow, max-snippet:-1, max-image-preview:large, max-video-preview:-1\" \/>\n<link rel=\"canonical\" href=\"https:\/\/www.atelierdocaractere.pt\/brevemente\/centro-de-portugal-no-epicentro-da-elite-mundial-da-corrida-de-montanha\/\" \/>\n<meta property=\"og:locale\" content=\"pt_PT\" \/>\n<meta property=\"og:type\" content=\"article\" \/>\n<meta property=\"og:title\" content=\"Centro de Portugal no epicentro da elite mundial da corrida de montanha - Atelier do Caractere\" \/>\n<meta property=\"og:description\" content=\"Prova inaugural da Ta\u00e7a do Mundo WMRA, disputada hoje em Castro Daire, refor\u00e7a posicionamento da regi\u00e3o como destino de excel\u00eancia...\" \/>\n<meta property=\"og:url\" content=\"https:\/\/www.atelierdocaractere.pt\/brevemente\/centro-de-portugal-no-epicentro-da-elite-mundial-da-corrida-de-montanha\/\" \/>\n<meta property=\"og:site_name\" content=\"Atelier do Caractere\" \/>\n<meta property=\"article:publisher\" content=\"https:\/\/www.facebook.com\/AtelierdoCaractere\" \/>\n<meta property=\"article:published_time\" content=\"2026-04-19T13:56:22+00:00\" \/>\n<meta property=\"article:modified_time\" content=\"2026-04-24T13:58:35+00:00\" \/>\n<meta property=\"og:image\" content=\"https:\/\/www.atelierdocaractere.pt\/wp-content\/uploads\/2026\/04\/1f589898-dde3-e189-3cd7-9b1da8fcede1.jpg\" \/>\n\t<meta property=\"og:image:width\" content=\"1200\" \/>\n\t<meta property=\"og:image:height\" content=\"800\" \/>\n\t<meta property=\"og:image:type\" content=\"image\/jpeg\" \/>\n<meta name=\"author\" content=\"Joana Barbosa\" \/>\n<meta name=\"twitter:card\" content=\"summary_large_image\" \/>\n<meta name=\"twitter:label1\" content=\"Escrito por\" \/>\n\t<meta name=\"twitter:data1\" content=\"Joana Barbosa\" \/>\n\t<meta name=\"twitter:label2\" content=\"Tempo estimado de leitura\" \/>\n\t<meta name=\"twitter:data2\" content=\"3 minutos\" \/>\n<script type=\"application\/ld+json\" class=\"yoast-schema-graph\">{\"@context\":\"https:\/\/schema.org\",\"@graph\":[{\"@type\":\"WebPage\",\"@id\":\"https:\/\/www.atelierdocaractere.pt\/brevemente\/centro-de-portugal-no-epicentro-da-elite-mundial-da-corrida-de-montanha\/\",\"url\":\"https:\/\/www.atelierdocaractere.pt\/brevemente\/centro-de-portugal-no-epicentro-da-elite-mundial-da-corrida-de-montanha\/\",\"name\":\"Centro de Portugal no epicentro da elite mundial da corrida de montanha - Atelier do Caractere\",\"isPartOf\":{\"@id\":\"https:\/\/www.atelierdocaractere.pt\/brevemente\/#website\"},\"datePublished\":\"2026-04-19T13:56:22+00:00\",\"dateModified\":\"2026-04-24T13:58:35+00:00\",\"author\":{\"@id\":\"https:\/\/www.atelierdocaractere.pt\/brevemente\/#\/schema\/person\/f2f096eb0f27d9894725af22cb97c0db\"},\"breadcrumb\":{\"@id\":\"https:\/\/www.atelierdocaractere.pt\/brevemente\/centro-de-portugal-no-epicentro-da-elite-mundial-da-corrida-de-montanha\/#breadcrumb\"},\"inLanguage\":\"pt-PT\",\"potentialAction\":[{\"@type\":\"ReadAction\",\"target\":[\"https:\/\/www.atelierdocaractere.pt\/brevemente\/centro-de-portugal-no-epicentro-da-elite-mundial-da-corrida-de-montanha\/\"]}]},{\"@type\":\"BreadcrumbList\",\"@id\":\"https:\/\/www.atelierdocaractere.pt\/brevemente\/centro-de-portugal-no-epicentro-da-elite-mundial-da-corrida-de-montanha\/#breadcrumb\",\"itemListElement\":[{\"@type\":\"ListItem\",\"position\":1,\"name\":\"In\u00edcio\",\"item\":\"https:\/\/www.atelierdocaractere.pt\/brevemente\/\"},{\"@type\":\"ListItem\",\"position\":2,\"name\":\"Centro de Portugal no epicentro da elite mundial da corrida de montanha\"}]},{\"@type\":\"WebSite\",\"@id\":\"https:\/\/www.atelierdocaractere.pt\/brevemente\/#website\",\"url\":\"https:\/\/www.atelierdocaractere.pt\/brevemente\/\",\"name\":\"Atelier do Caractere\",\"description\":\"\",\"potentialAction\":[{\"@type\":\"SearchAction\",\"target\":{\"@type\":\"EntryPoint\",\"urlTemplate\":\"https:\/\/www.atelierdocaractere.pt\/brevemente\/?s={search_term_string}\"},\"query-input\":\"required name=search_term_string\"}],\"inLanguage\":\"pt-PT\"},{\"@type\":\"Person\",\"@id\":\"https:\/\/www.atelierdocaractere.pt\/brevemente\/#\/schema\/person\/f2f096eb0f27d9894725af22cb97c0db\",\"name\":\"Joana Barbosa\",\"image\":{\"@type\":\"ImageObject\",\"inLanguage\":\"pt-PT\",\"@id\":\"https:\/\/www.atelierdocaractere.pt\/brevemente\/#\/schema\/person\/image\/\",\"url\":\"https:\/\/secure.gravatar.com\/avatar\/33e8214b45e9d68a3a83008731075979?s=96&d=mm&r=g\",\"contentUrl\":\"https:\/\/secure.gravatar.com\/avatar\/33e8214b45e9d68a3a83008731075979?s=96&d=mm&r=g\",\"caption\":\"Joana Barbosa\"},\"url\":\"https:\/\/www.atelierdocaractere.pt\/brevemente\/author\/joanabarbosa\/\"}]}<\/script>\n<!-- \/ Yoast SEO plugin. -->","yoast_head_json":{"title":"Centro de Portugal no epicentro da elite mundial da corrida de montanha - Atelier do Caractere","robots":{"index":"index","follow":"follow","max-snippet":"max-snippet:-1","max-image-preview":"max-image-preview:large","max-video-preview":"max-video-preview:-1"},"canonical":"https:\/\/www.atelierdocaractere.pt\/brevemente\/centro-de-portugal-no-epicentro-da-elite-mundial-da-corrida-de-montanha\/","og_locale":"pt_PT","og_type":"article","og_title":"Centro de Portugal no epicentro da elite mundial da corrida de montanha - Atelier do Caractere","og_description":"Prova inaugural da Ta\u00e7a do Mundo WMRA, disputada hoje em Castro Daire, refor\u00e7a posicionamento da regi\u00e3o como destino de excel\u00eancia...","og_url":"https:\/\/www.atelierdocaractere.pt\/brevemente\/centro-de-portugal-no-epicentro-da-elite-mundial-da-corrida-de-montanha\/","og_site_name":"Atelier do Caractere","article_publisher":"https:\/\/www.facebook.com\/AtelierdoCaractere","article_published_time":"2026-04-19T13:56:22+00:00","article_modified_time":"2026-04-24T13:58:35+00:00","og_image":[{"width":1200,"height":800,"url":"https:\/\/www.atelierdocaractere.pt\/wp-content\/uploads\/2026\/04\/1f589898-dde3-e189-3cd7-9b1da8fcede1.jpg","type":"image\/jpeg"}],"author":"Joana Barbosa","twitter_card":"summary_large_image","twitter_misc":{"Escrito por":"Joana Barbosa","Tempo estimado de leitura":"3 minutos"},"schema":{"@context":"https:\/\/schema.org","@graph":[{"@type":"WebPage","@id":"https:\/\/www.atelierdocaractere.pt\/brevemente\/centro-de-portugal-no-epicentro-da-elite-mundial-da-corrida-de-montanha\/","url":"https:\/\/www.atelierdocaractere.pt\/brevemente\/centro-de-portugal-no-epicentro-da-elite-mundial-da-corrida-de-montanha\/","name":"Centro de Portugal no epicentro da elite mundial da corrida de montanha - Atelier do Caractere","isPartOf":{"@id":"https:\/\/www.atelierdocaractere.pt\/brevemente\/#website"},"datePublished":"2026-04-19T13:56:22+00:00","dateModified":"2026-04-24T13:58:35+00:00","author":{"@id":"https:\/\/www.atelierdocaractere.pt\/brevemente\/#\/schema\/person\/f2f096eb0f27d9894725af22cb97c0db"},"breadcrumb":{"@id":"https:\/\/www.atelierdocaractere.pt\/brevemente\/centro-de-portugal-no-epicentro-da-elite-mundial-da-corrida-de-montanha\/#breadcrumb"},"inLanguage":"pt-PT","potentialAction":[{"@type":"ReadAction","target":["https:\/\/www.atelierdocaractere.pt\/brevemente\/centro-de-portugal-no-epicentro-da-elite-mundial-da-corrida-de-montanha\/"]}]},{"@type":"BreadcrumbList","@id":"https:\/\/www.atelierdocaractere.pt\/brevemente\/centro-de-portugal-no-epicentro-da-elite-mundial-da-corrida-de-montanha\/#breadcrumb","itemListElement":[{"@type":"ListItem","position":1,"name":"In\u00edcio","item":"https:\/\/www.atelierdocaractere.pt\/brevemente\/"},{"@type":"ListItem","position":2,"name":"Centro de Portugal no epicentro da elite mundial da corrida de montanha"}]},{"@type":"WebSite","@id":"https:\/\/www.atelierdocaractere.pt\/brevemente\/#website","url":"https:\/\/www.atelierdocaractere.pt\/brevemente\/","name":"Atelier do Caractere","description":"","potentialAction":[{"@type":"SearchAction","target":{"@type":"EntryPoint","urlTemplate":"https:\/\/www.atelierdocaractere.pt\/brevemente\/?s={search_term_string}"},"query-input":"required name=search_term_string"}],"inLanguage":"pt-PT"},{"@type":"Person","@id":"https:\/\/www.atelierdocaractere.pt\/brevemente\/#\/schema\/person\/f2f096eb0f27d9894725af22cb97c0db","name":"Joana Barbosa","image":{"@type":"ImageObject","inLanguage":"pt-PT","@id":"https:\/\/www.atelierdocaractere.pt\/brevemente\/#\/schema\/person\/image\/","url":"https:\/\/secure.gravatar.com\/avatar\/33e8214b45e9d68a3a83008731075979?s=96&d=mm&r=g","contentUrl":"https:\/\/secure.gravatar.com\/avatar\/33e8214b45e9d68a3a83008731075979?s=96&d=mm&r=g","caption":"Joana Barbosa"},"url":"https:\/\/www.atelierdocaractere.pt\/brevemente\/author\/joanabarbosa\/"}]}},"_links":{"self":[{"href":"https:\/\/www.atelierdocaractere.pt\/brevemente\/wp-json\/wp\/v2\/posts\/14311"}],"collection":[{"href":"https:\/\/www.atelierdocaractere.pt\/brevemente\/wp-json\/wp\/v2\/posts"}],"about":[{"href":"https:\/\/www.atelierdocaractere.pt\/brevemente\/wp-json\/wp\/v2\/types\/post"}],"author":[{"embeddable":true,"href":"https:\/\/www.atelierdocaractere.pt\/brevemente\/wp-json\/wp\/v2\/users\/7"}],"replies":[{"embeddable":true,"href":"https:\/\/www.atelierdocaractere.pt\/brevemente\/wp-json\/wp\/v2\/comments?post=14311"}],"version-history":[{"count":1,"href":"https:\/\/www.atelierdocaractere.pt\/brevemente\/wp-json\/wp\/v2\/posts\/14311\/revisions"}],"predecessor-version":[{"id":14313,"href":"https:\/\/www.atelierdocaractere.pt\/brevemente\/wp-json\/wp\/v2\/posts\/14311\/revisions\/14313"}],"wp:featuredmedia":[{"embeddable":true,"href":"https:\/\/www.atelierdocaractere.pt\/brevemente\/wp-json\/wp\/v2\/media\/14312"}],"wp:attachment":[{"href":"https:\/\/www.atelierdocaractere.pt\/brevemente\/wp-json\/wp\/v2\/media?parent=14311"}],"wp:term":[{"taxonomy":"category","embeddable":true,"href":"https:\/\/www.atelierdocaractere.pt\/brevemente\/wp-json\/wp\/v2\/categories?post=14311"},{"taxonomy":"post_tag","embeddable":true,"href":"https:\/\/www.atelierdocaractere.pt\/brevemente\/wp-json\/wp\/v2\/tags?post=14311"}],"curies":[{"name":"wp","href":"https:\/\/api.w.org\/{rel}","templated":true}]}}