{"id":14314,"date":"2026-04-18T13:58:55","date_gmt":"2026-04-18T13:58:55","guid":{"rendered":"https:\/\/www.atelierdocaractere.pt\/brevemente\/?p=14314"},"modified":"2026-04-24T14:08:09","modified_gmt":"2026-04-24T14:08:09","slug":"a-estreia-em-vitorias-de-luis-caetano-no-rali-terras-daboboreira","status":"publish","type":"post","link":"https:\/\/www.atelierdocaractere.pt\/brevemente\/a-estreia-em-vitorias-de-luis-caetano-no-rali-terras-daboboreira\/","title":{"rendered":"A ESTREIA EM VIT\u00d3RIAS DE LU\u00cdS CAETANO NO\u00a0RALI TERRAS D&#8217;ABOBOREIRA"},"content":{"rendered":"\n<ul>\n<li><strong>O jovem piloto de Leiria, Lu\u00eds Caetano, estreou-se a vencer na competi\u00e7\u00e3o que tem por base o Renault Clio Rally5<\/strong><\/li>\n\n\n\n<li><strong>O Rali Terras D&#8217;Aboboreira confirmou a competitividade dos carros desenvolvidos pela Renault, com mais uma prova com um registo de zero desist\u00eancias e logo numa das mais duras da temporada<\/strong><\/li>\n\n\n\n<li><strong>O Rally de Lisboa, entre os dias 28 e 30 de maio, \u00e9 a segunda prova do calend\u00e1rio do Challenge Clio Rally5<\/strong><\/li>\n<\/ul>\n\n\n\n<figure class=\"wp-block-image size-large\"><img decoding=\"async\" width=\"1024\" height=\"682\" src=\"https:\/\/www.atelierdocaractere.pt\/wp-content\/uploads\/2026\/04\/bdb2a2b16875d9ddabc6725ece888de2-l.jpg-1024x682.webp\" alt=\"\" class=\"wp-image-14315\" srcset=\"https:\/\/www.atelierdocaractere.pt\/wp-content\/uploads\/2026\/04\/bdb2a2b16875d9ddabc6725ece888de2-l.jpg-1024x682.webp 1024w, https:\/\/www.atelierdocaractere.pt\/wp-content\/uploads\/2026\/04\/bdb2a2b16875d9ddabc6725ece888de2-l.jpg-300x200.webp 300w, https:\/\/www.atelierdocaractere.pt\/wp-content\/uploads\/2026\/04\/bdb2a2b16875d9ddabc6725ece888de2-l.jpg-768x512.webp 768w, https:\/\/www.atelierdocaractere.pt\/wp-content\/uploads\/2026\/04\/bdb2a2b16875d9ddabc6725ece888de2-l.jpg-1536x1024.webp 1536w, https:\/\/www.atelierdocaractere.pt\/wp-content\/uploads\/2026\/04\/bdb2a2b16875d9ddabc6725ece888de2-l.jpg-900x600.webp 900w, https:\/\/www.atelierdocaractere.pt\/wp-content\/uploads\/2026\/04\/bdb2a2b16875d9ddabc6725ece888de2-l.jpg-675x450.webp 675w, https:\/\/www.atelierdocaractere.pt\/wp-content\/uploads\/2026\/04\/bdb2a2b16875d9ddabc6725ece888de2-l.jpg.webp 2000w\" sizes=\"(max-width: 1024px) 100vw, 1024px\" \/><\/figure>\n\n\n\n<p>O Rali Terras d&#8217;Aboboreira abriu a \u00e9poca do Challenge Clio Rally5, com a estreia da competi\u00e7\u00e3o em pisos de terra a revelar-se um sucesso. A prova, que tem por base o Renault Clio Rally5, contou com v\u00e1rios destaques: um novo piloto saboreou o champanhe da vit\u00f3ria, houve duas mudan\u00e7as de l\u00edder e tr\u00eas pilotos diferentes venceram as oito classificativas. Al\u00e9m disso, registaram-se zero desist\u00eancias numa das provas mais duras da temporada.<\/p>\n\n\n\n<p>E quem se estreou no lugar mais alto do p\u00f3dio foi o jovem Lu\u00eds Caetano, precisamente no dia em que comemorou o seu 24.\u00ba anivers\u00e1rio. Depois de uma carreira no karting e da conquista do t\u00edtulo nacional de Todo-o-Terreno em 2023 (categoria T2), o piloto de Leiria confirma os progressos que tem tido nos ralis, ap\u00f3s ter terminado todas as provas no p\u00f3dio em 2025. Novamente com David Monteiro como navegador, o piloto viu o algarvio Carlos Marreiros assumir a lideran\u00e7a no primeiro dia, mas, na primeira classificativa do segundo dia (Amarante 2), o leiriense chegou ao primeiro lugar e n\u00e3o mais foi destronado.<\/p>\n\n\n\n<blockquote class=\"wp-block-quote\">\n<p>\u201c\u00c9 a minha primeira vit\u00f3ria na competi\u00e7\u00e3o, ainda para mais no dia em que cumpro 24 anos. Foi um dia fant\u00e1stico num rali fabuloso, em que conseguimos gerir bem a prova. Atac\u00e1mos e defendemos quando dev\u00edamos e alcan\u00e7\u00e1mos a vit\u00f3ria. Daqui para a frente, acho que vamos ter lutas muito boas e n\u00e3o vamos poder baixar a guarda, pois precisaremos de andar mais r\u00e1pido se quisermos somar mais vit\u00f3rias\u201d, sublinhou Lu\u00eds Caetano.<\/p>\n<\/blockquote>\n\n\n\n<p>Na estreia no Challenge Clio Rally5, a dupla Miguel Carvalho\/Ant\u00f3nio Reis conquistou a segunda posi\u00e7\u00e3o. O experiente piloto afirmou:<\/p>\n\n\n\n<blockquote class=\"wp-block-quote\">\n<p>\u201cO balan\u00e7o \u00e9 muito positivo. Vim para aqui completamente no desconhecido. No primeiro dia tivemos um furo que nos atrasou, mas os outros concorrentes tamb\u00e9m furaram \u2013 exceto o Lu\u00eds que, independentemente disso, foi um justo vencedor. Venho aqui meter-me no meio dos mi\u00fados, que s\u00e3o muito r\u00e1pidos. A iniciativa promete muito, especialmente com esta componente das provas em terra. A verdade \u00e9 que, num rali de terra, todos os carros acabaram, o que prova que a fiabilidade \u00e9 muito boa.\u201d<\/p>\n<\/blockquote>\n\n\n\n<p>Depois de uma carreira feita sobretudo em provas de cariz regional, Henrique Silva foi uma das surpresas da prova de abertura. Com F\u00e1bio Ribeiro como navegador, o piloto conquistou o terceiro lugar do p\u00f3dio.<\/p>\n\n\n\n<blockquote class=\"wp-block-quote\">\n<p>\u201cUm rali dif\u00edcil, num momento dif\u00edcil, com a partida de um amigo pr\u00f3ximo. Mas o Challenge \u00e9 incr\u00edvel, com um grupo de jovens muito bons. O Lu\u00eds, que ganhou hoje, faz 24 anos; eu fiz 44, s\u00e3o mais 20 anos. Mas o esp\u00edrito do grupo \u00e9 espetacular, o ambiente fant\u00e1stico e, acima de tudo, esta \u00e9 uma grande escola. Acho que todos os que gostam de desporto autom\u00f3vel deviam olhar para o Challenge como a porta de entrada perfeita para este mundo. O concorrente \u00e0 nossa frente teve um furo e n\u00f3s herd\u00e1mos o p\u00f3dio, mas os ralis s\u00e3o mesmo assim, faz parte da competi\u00e7\u00e3o.\u201d<\/p>\n<\/blockquote>\n\n\n\n<p>Menos sorte teve o algarvio Carlos Rafael Marreiros, que se quedou pelo quarto lugar depois de ter sido o grande dominador do primeiro dia. Um furo na segunda passagem pelo tro\u00e7o de Mar\u00e3o obrigou-o a parar para mudar o pneu, perdendo mais de quatro minutos.<\/p>\n\n\n\n<blockquote class=\"wp-block-quote\">\n<p>\u201cEstou triste, mas muito satisfeito com o meu andamento. Este ano, estou confiante de que tenho todas as condi\u00e7\u00f5es para lutar pelas vit\u00f3rias e pelo t\u00edtulo\u201d, sublinhou o piloto, navegado por Ricardo Barreto.<\/p>\n<\/blockquote>\n\n\n\n<p>Um furo na antepen\u00faltima classificativa (Aboboreira 1) afastou a dupla Tiago Pereira\/Fernando Pereira da discuss\u00e3o pelo p\u00f3dio.<\/p>\n\n\n\n<blockquote class=\"wp-block-quote\">\n<p>\u201cFoi pena, mas s\u00e3o os ralis\u201d, referiu o piloto. O quinto lugar acabou por ser o resultado poss\u00edvel. \u201cEste foi apenas o quinto rali em terra que disputei e senti a falta de experi\u00eancia neste tipo de piso. O mais importante \u00e9 que adquiri conhecimentos para o futuro; um piloto de ralis s\u00f3 \u00e9 completo se for competitivo tamb\u00e9m em terra.\u201d<\/p>\n<\/blockquote>\n\n\n\n<p>Com apenas duas participa\u00e7\u00f5es em ralis, ambas em asfalto, Cristiano Gil foi o sexto classificado, com Ricardo Sousa como navegador.<\/p>\n\n\n\n<blockquote class=\"wp-block-quote\">\n<p>\u201cFoi uma experi\u00eancia completamente nova e logo num rali t\u00e3o duro. Mas gostei bastante e diverti-me com o Renault Clio. Aprendi muito e agora \u00e9 tirar partido disso nas pr\u00f3ximas provas.\u201d<\/p>\n<\/blockquote>\n\n\n\n<p>O Rally de Lisboa, que se disputa nos dias 29 e 30 de maio, \u00e9 a segunda prova do calend\u00e1rio do Challenge Clio Rally5 de 2026, marcando o regresso aos pisos de asfalto.<\/p>\n\n\n\n<h3 class=\"wp-block-heading\"><strong>Classifica\u00e7\u00e3o final do Rali Terras D&#8217;Aboboreira<\/strong><\/h3>\n\n\n\n<p>1\u00ba Lu\u00eds Caetano \/ David Monteiro, 1h39m07,2s<\/p>\n\n\n\n<p>2\u00ba Miguel Carvalho \/ Ant\u00f3nio Reis, a 19,5s<\/p>\n\n\n\n<p>3\u00ba Henrique Silva \/ F\u00e1bio Ribeiro, a 2m34,4s<\/p>\n\n\n\n<p>4\u00ba Carlos Marreiros \/ Ricardo Barreto, a 4m39,4s<\/p>\n\n\n\n<p>5\u00ba Tiago Pereira \/ Fernando Pereira, a 6m04,0s<\/p>\n\n\n\n<p>6\u00ba Cristiano Gil \/ Ricardo Sousa, a 12m12,8s<\/p>\n\n\n\n<h3 class=\"wp-block-heading\"><strong>Classifica\u00e7\u00e3o do Challenge Clio Rally5<\/strong><\/h3>\n\n\n\n<p>1\u00ba Lu\u00eds Caetano, 25 pontos<\/p>\n\n\n\n<p>2\u00ba Miguel Carvalho, 18<\/p>\n\n\n\n<p>3\u00ba Henrique Silva e<br>&nbsp; &nbsp; &nbsp;Carlos Marreiros, 15<\/p>\n\n\n\n<p>5\u00ba Tiago Pereira, 10<\/p>\n\n\n\n<p>6\u00ba Cristiano Gil, 8<\/p>\n","protected":false},"excerpt":{"rendered":"<p>O Rali Terras d&#8217;Aboboreira abriu a \u00e9poca do Challenge Clio Rally5, com a estreia da competi\u00e7\u00e3o em pisos de terra&#8230;<\/p>\n","protected":false},"author":7,"featured_media":14315,"comment_status":"closed","ping_status":"open","sticky":false,"template":"","format":"standard","meta":[],"categories":[24],"tags":[1164],"yoast_head":"<!-- This site is optimized with the Yoast SEO plugin v20.12 - https:\/\/yoast.com\/wordpress\/plugins\/seo\/ -->\n<title>A ESTREIA EM VIT\u00d3RIAS DE LU\u00cdS CAETANO NO\u00a0RALI TERRAS D&#039;ABOBOREIRA - Atelier do Caractere<\/title>\n<meta name=\"robots\" content=\"index, follow, max-snippet:-1, max-image-preview:large, max-video-preview:-1\" \/>\n<link rel=\"canonical\" href=\"https:\/\/www.atelierdocaractere.pt\/brevemente\/a-estreia-em-vitorias-de-luis-caetano-no-rali-terras-daboboreira\/\" \/>\n<meta property=\"og:locale\" content=\"pt_PT\" \/>\n<meta property=\"og:type\" content=\"article\" \/>\n<meta property=\"og:title\" content=\"A ESTREIA EM VIT\u00d3RIAS DE LU\u00cdS CAETANO NO\u00a0RALI TERRAS D&#039;ABOBOREIRA - Atelier do Caractere\" \/>\n<meta property=\"og:description\" content=\"O Rali Terras d&#8217;Aboboreira abriu a \u00e9poca do Challenge Clio Rally5, com a estreia da competi\u00e7\u00e3o em pisos de terra...\" \/>\n<meta property=\"og:url\" content=\"https:\/\/www.atelierdocaractere.pt\/brevemente\/a-estreia-em-vitorias-de-luis-caetano-no-rali-terras-daboboreira\/\" \/>\n<meta property=\"og:site_name\" content=\"Atelier do Caractere\" \/>\n<meta property=\"article:publisher\" content=\"https:\/\/www.facebook.com\/AtelierdoCaractere\" \/>\n<meta property=\"article:published_time\" content=\"2026-04-18T13:58:55+00:00\" \/>\n<meta property=\"article:modified_time\" content=\"2026-04-24T14:08:09+00:00\" \/>\n<meta property=\"og:image\" content=\"https:\/\/www.atelierdocaractere.pt\/wp-content\/uploads\/2026\/04\/bdb2a2b16875d9ddabc6725ece888de2-l.jpg.webp\" \/>\n\t<meta property=\"og:image:width\" content=\"2000\" \/>\n\t<meta property=\"og:image:height\" content=\"1333\" \/>\n\t<meta property=\"og:image:type\" content=\"image\/webp\" \/>\n<meta name=\"author\" content=\"Joana Barbosa\" \/>\n<meta name=\"twitter:card\" content=\"summary_large_image\" \/>\n<meta name=\"twitter:label1\" content=\"Escrito por\" \/>\n\t<meta name=\"twitter:data1\" content=\"Joana Barbosa\" \/>\n\t<meta name=\"twitter:label2\" content=\"Tempo estimado de leitura\" \/>\n\t<meta name=\"twitter:data2\" content=\"3 minutos\" \/>\n<script type=\"application\/ld+json\" class=\"yoast-schema-graph\">{\"@context\":\"https:\/\/schema.org\",\"@graph\":[{\"@type\":\"WebPage\",\"@id\":\"https:\/\/www.atelierdocaractere.pt\/brevemente\/a-estreia-em-vitorias-de-luis-caetano-no-rali-terras-daboboreira\/\",\"url\":\"https:\/\/www.atelierdocaractere.pt\/brevemente\/a-estreia-em-vitorias-de-luis-caetano-no-rali-terras-daboboreira\/\",\"name\":\"A ESTREIA EM VIT\u00d3RIAS DE LU\u00cdS CAETANO NO\u00a0RALI TERRAS D'ABOBOREIRA - Atelier do Caractere\",\"isPartOf\":{\"@id\":\"https:\/\/www.atelierdocaractere.pt\/brevemente\/#website\"},\"datePublished\":\"2026-04-18T13:58:55+00:00\",\"dateModified\":\"2026-04-24T14:08:09+00:00\",\"author\":{\"@id\":\"https:\/\/www.atelierdocaractere.pt\/brevemente\/#\/schema\/person\/f2f096eb0f27d9894725af22cb97c0db\"},\"breadcrumb\":{\"@id\":\"https:\/\/www.atelierdocaractere.pt\/brevemente\/a-estreia-em-vitorias-de-luis-caetano-no-rali-terras-daboboreira\/#breadcrumb\"},\"inLanguage\":\"pt-PT\",\"potentialAction\":[{\"@type\":\"ReadAction\",\"target\":[\"https:\/\/www.atelierdocaractere.pt\/brevemente\/a-estreia-em-vitorias-de-luis-caetano-no-rali-terras-daboboreira\/\"]}]},{\"@type\":\"BreadcrumbList\",\"@id\":\"https:\/\/www.atelierdocaractere.pt\/brevemente\/a-estreia-em-vitorias-de-luis-caetano-no-rali-terras-daboboreira\/#breadcrumb\",\"itemListElement\":[{\"@type\":\"ListItem\",\"position\":1,\"name\":\"In\u00edcio\",\"item\":\"https:\/\/www.atelierdocaractere.pt\/brevemente\/\"},{\"@type\":\"ListItem\",\"position\":2,\"name\":\"A ESTREIA EM VIT\u00d3RIAS DE LU\u00cdS CAETANO NO\u00a0RALI TERRAS D&#8217;ABOBOREIRA\"}]},{\"@type\":\"WebSite\",\"@id\":\"https:\/\/www.atelierdocaractere.pt\/brevemente\/#website\",\"url\":\"https:\/\/www.atelierdocaractere.pt\/brevemente\/\",\"name\":\"Atelier do Caractere\",\"description\":\"\",\"potentialAction\":[{\"@type\":\"SearchAction\",\"target\":{\"@type\":\"EntryPoint\",\"urlTemplate\":\"https:\/\/www.atelierdocaractere.pt\/brevemente\/?s={search_term_string}\"},\"query-input\":\"required name=search_term_string\"}],\"inLanguage\":\"pt-PT\"},{\"@type\":\"Person\",\"@id\":\"https:\/\/www.atelierdocaractere.pt\/brevemente\/#\/schema\/person\/f2f096eb0f27d9894725af22cb97c0db\",\"name\":\"Joana Barbosa\",\"image\":{\"@type\":\"ImageObject\",\"inLanguage\":\"pt-PT\",\"@id\":\"https:\/\/www.atelierdocaractere.pt\/brevemente\/#\/schema\/person\/image\/\",\"url\":\"https:\/\/secure.gravatar.com\/avatar\/33e8214b45e9d68a3a83008731075979?s=96&d=mm&r=g\",\"contentUrl\":\"https:\/\/secure.gravatar.com\/avatar\/33e8214b45e9d68a3a83008731075979?s=96&d=mm&r=g\",\"caption\":\"Joana Barbosa\"},\"url\":\"https:\/\/www.atelierdocaractere.pt\/brevemente\/author\/joanabarbosa\/\"}]}<\/script>\n<!-- \/ Yoast SEO plugin. -->","yoast_head_json":{"title":"A ESTREIA EM VIT\u00d3RIAS DE LU\u00cdS CAETANO NO\u00a0RALI TERRAS D'ABOBOREIRA - Atelier do Caractere","robots":{"index":"index","follow":"follow","max-snippet":"max-snippet:-1","max-image-preview":"max-image-preview:large","max-video-preview":"max-video-preview:-1"},"canonical":"https:\/\/www.atelierdocaractere.pt\/brevemente\/a-estreia-em-vitorias-de-luis-caetano-no-rali-terras-daboboreira\/","og_locale":"pt_PT","og_type":"article","og_title":"A ESTREIA EM VIT\u00d3RIAS DE LU\u00cdS CAETANO NO\u00a0RALI TERRAS D'ABOBOREIRA - Atelier do Caractere","og_description":"O Rali Terras d&#8217;Aboboreira abriu a \u00e9poca do Challenge Clio Rally5, com a estreia da competi\u00e7\u00e3o em pisos de terra...","og_url":"https:\/\/www.atelierdocaractere.pt\/brevemente\/a-estreia-em-vitorias-de-luis-caetano-no-rali-terras-daboboreira\/","og_site_name":"Atelier do Caractere","article_publisher":"https:\/\/www.facebook.com\/AtelierdoCaractere","article_published_time":"2026-04-18T13:58:55+00:00","article_modified_time":"2026-04-24T14:08:09+00:00","og_image":[{"width":2000,"height":1333,"url":"https:\/\/www.atelierdocaractere.pt\/wp-content\/uploads\/2026\/04\/bdb2a2b16875d9ddabc6725ece888de2-l.jpg.webp","type":"image\/webp"}],"author":"Joana Barbosa","twitter_card":"summary_large_image","twitter_misc":{"Escrito por":"Joana Barbosa","Tempo estimado de leitura":"3 minutos"},"schema":{"@context":"https:\/\/schema.org","@graph":[{"@type":"WebPage","@id":"https:\/\/www.atelierdocaractere.pt\/brevemente\/a-estreia-em-vitorias-de-luis-caetano-no-rali-terras-daboboreira\/","url":"https:\/\/www.atelierdocaractere.pt\/brevemente\/a-estreia-em-vitorias-de-luis-caetano-no-rali-terras-daboboreira\/","name":"A ESTREIA EM VIT\u00d3RIAS DE LU\u00cdS CAETANO NO\u00a0RALI TERRAS D'ABOBOREIRA - Atelier do Caractere","isPartOf":{"@id":"https:\/\/www.atelierdocaractere.pt\/brevemente\/#website"},"datePublished":"2026-04-18T13:58:55+00:00","dateModified":"2026-04-24T14:08:09+00:00","author":{"@id":"https:\/\/www.atelierdocaractere.pt\/brevemente\/#\/schema\/person\/f2f096eb0f27d9894725af22cb97c0db"},"breadcrumb":{"@id":"https:\/\/www.atelierdocaractere.pt\/brevemente\/a-estreia-em-vitorias-de-luis-caetano-no-rali-terras-daboboreira\/#breadcrumb"},"inLanguage":"pt-PT","potentialAction":[{"@type":"ReadAction","target":["https:\/\/www.atelierdocaractere.pt\/brevemente\/a-estreia-em-vitorias-de-luis-caetano-no-rali-terras-daboboreira\/"]}]},{"@type":"BreadcrumbList","@id":"https:\/\/www.atelierdocaractere.pt\/brevemente\/a-estreia-em-vitorias-de-luis-caetano-no-rali-terras-daboboreira\/#breadcrumb","itemListElement":[{"@type":"ListItem","position":1,"name":"In\u00edcio","item":"https:\/\/www.atelierdocaractere.pt\/brevemente\/"},{"@type":"ListItem","position":2,"name":"A ESTREIA EM VIT\u00d3RIAS DE LU\u00cdS CAETANO NO\u00a0RALI TERRAS D&#8217;ABOBOREIRA"}]},{"@type":"WebSite","@id":"https:\/\/www.atelierdocaractere.pt\/brevemente\/#website","url":"https:\/\/www.atelierdocaractere.pt\/brevemente\/","name":"Atelier do Caractere","description":"","potentialAction":[{"@type":"SearchAction","target":{"@type":"EntryPoint","urlTemplate":"https:\/\/www.atelierdocaractere.pt\/brevemente\/?s={search_term_string}"},"query-input":"required name=search_term_string"}],"inLanguage":"pt-PT"},{"@type":"Person","@id":"https:\/\/www.atelierdocaractere.pt\/brevemente\/#\/schema\/person\/f2f096eb0f27d9894725af22cb97c0db","name":"Joana Barbosa","image":{"@type":"ImageObject","inLanguage":"pt-PT","@id":"https:\/\/www.atelierdocaractere.pt\/brevemente\/#\/schema\/person\/image\/","url":"https:\/\/secure.gravatar.com\/avatar\/33e8214b45e9d68a3a83008731075979?s=96&d=mm&r=g","contentUrl":"https:\/\/secure.gravatar.com\/avatar\/33e8214b45e9d68a3a83008731075979?s=96&d=mm&r=g","caption":"Joana Barbosa"},"url":"https:\/\/www.atelierdocaractere.pt\/brevemente\/author\/joanabarbosa\/"}]}},"_links":{"self":[{"href":"https:\/\/www.atelierdocaractere.pt\/brevemente\/wp-json\/wp\/v2\/posts\/14314"}],"collection":[{"href":"https:\/\/www.atelierdocaractere.pt\/brevemente\/wp-json\/wp\/v2\/posts"}],"about":[{"href":"https:\/\/www.atelierdocaractere.pt\/brevemente\/wp-json\/wp\/v2\/types\/post"}],"author":[{"embeddable":true,"href":"https:\/\/www.atelierdocaractere.pt\/brevemente\/wp-json\/wp\/v2\/users\/7"}],"replies":[{"embeddable":true,"href":"https:\/\/www.atelierdocaractere.pt\/brevemente\/wp-json\/wp\/v2\/comments?post=14314"}],"version-history":[{"count":1,"href":"https:\/\/www.atelierdocaractere.pt\/brevemente\/wp-json\/wp\/v2\/posts\/14314\/revisions"}],"predecessor-version":[{"id":14317,"href":"https:\/\/www.atelierdocaractere.pt\/brevemente\/wp-json\/wp\/v2\/posts\/14314\/revisions\/14317"}],"wp:featuredmedia":[{"embeddable":true,"href":"https:\/\/www.atelierdocaractere.pt\/brevemente\/wp-json\/wp\/v2\/media\/14315"}],"wp:attachment":[{"href":"https:\/\/www.atelierdocaractere.pt\/brevemente\/wp-json\/wp\/v2\/media?parent=14314"}],"wp:term":[{"taxonomy":"category","embeddable":true,"href":"https:\/\/www.atelierdocaractere.pt\/brevemente\/wp-json\/wp\/v2\/categories?post=14314"},{"taxonomy":"post_tag","embeddable":true,"href":"https:\/\/www.atelierdocaractere.pt\/brevemente\/wp-json\/wp\/v2\/tags?post=14314"}],"curies":[{"name":"wp","href":"https:\/\/api.w.org\/{rel}","templated":true}]}}