{"id":14318,"date":"2026-04-17T14:08:20","date_gmt":"2026-04-17T14:08:20","guid":{"rendered":"https:\/\/www.atelierdocaractere.pt\/brevemente\/?p=14318"},"modified":"2026-04-24T14:10:00","modified_gmt":"2026-04-24T14:10:00","slug":"centro-de-portugal-reforca-posicionamento-nos-caminhos-de-santiago","status":"publish","type":"post","link":"https:\/\/www.atelierdocaractere.pt\/brevemente\/centro-de-portugal-reforca-posicionamento-nos-caminhos-de-santiago\/","title":{"rendered":"Centro de Portugal refor\u00e7a posicionamento nos Caminhos de Santiago"},"content":{"rendered":"\n<p><strong>Turismo Centro de Portugal participa\u00a0no 1.\u00ba Encontro dos Caminhos de Santiago em Portugal e destaca a import\u00e2ncia estrat\u00e9gica destes itiner\u00e1rios para a regi\u00e3o.<\/strong><\/p>\n\n\n\n<figure class=\"wp-block-image size-large\"><img decoding=\"async\" width=\"1024\" height=\"658\" src=\"https:\/\/www.atelierdocaractere.pt\/wp-content\/uploads\/2026\/04\/e4f6a90f-0d7d-3a5e-fc42-80e568db0ba7-1024x658.jpg\" alt=\"\" class=\"wp-image-14319\" srcset=\"https:\/\/www.atelierdocaractere.pt\/wp-content\/uploads\/2026\/04\/e4f6a90f-0d7d-3a5e-fc42-80e568db0ba7-1024x658.jpg 1024w, https:\/\/www.atelierdocaractere.pt\/wp-content\/uploads\/2026\/04\/e4f6a90f-0d7d-3a5e-fc42-80e568db0ba7-300x193.jpg 300w, https:\/\/www.atelierdocaractere.pt\/wp-content\/uploads\/2026\/04\/e4f6a90f-0d7d-3a5e-fc42-80e568db0ba7-768x493.jpg 768w, https:\/\/www.atelierdocaractere.pt\/wp-content\/uploads\/2026\/04\/e4f6a90f-0d7d-3a5e-fc42-80e568db0ba7.jpg 1200w\" sizes=\"(max-width: 1024px) 100vw, 1024px\" \/><\/figure>\n\n\n\n<p>A&nbsp;<strong>Turismo Centro de Portugal<\/strong>&nbsp;(TCP) est\u00e1 a participar no 1.\u00ba Encontro dos Caminhos de Santiago em Portugal, que decorre hoje e amanh\u00e3 no Mosteiro de S\u00e3o Martinho de Tib\u00e3es, em Braga. O evento, que se realiza pela primeira vez, tem como objetivo reafirmar o compromisso com a valoriza\u00e7\u00e3o de um dos produtos tur\u00edsticos mais distintivos e em crescimento no pa\u00eds.<\/p>\n\n\n\n<p>A iniciativa \u00e9 organizada pela Comiss\u00e3o de Certifica\u00e7\u00e3o do Caminho de Santiago em Portugal e pelas entidades gestoras dos caminhos certificados. Durante os dois dias, especialistas, entidades p\u00fablicas e agentes do setor analisam o percurso feito desde 2019, ano de arranque da certifica\u00e7\u00e3o dos Caminhos, e projetam o futuro dos itiner\u00e1rios jacobeus em Portugal.<\/p>\n\n\n\n<p>No dia de hoje, a Turismo Centro de Portugal, atrav\u00e9s de&nbsp;<strong>S\u00edlvia Ribau<\/strong>, diretora do Departamento de Estrat\u00e9gia e Opera\u00e7\u00e3o, participou numa mesa-redonda com o tema \u201cCertificar para valorizar: os desafios da governan\u00e7a dos caminhos certificados\u201d.<\/p>\n\n\n\n<p><em>\u201cEstamos perante um produto tur\u00edstico com enorme potencial, que congrega a oferta ao n\u00edvel do patrim\u00f3nio, da natureza e da espiritualidade. Os Caminhos de Santiago s\u00e3o um ativo estrat\u00e9gico do Centro de Portugal, capaz de atrair novos p\u00fablicos e de gerar desenvolvimento ao longo de todo o territ\u00f3rio \u2013 e de todo o ano \u2013 de forma equilibrada e sustent\u00e1vel\u201d<\/em>, considera S\u00edlvia Ribau.<\/p>\n\n\n\n<p>A diretora da TCP sublinha ainda que a certifica\u00e7\u00e3o dos itiner\u00e1rios tem sido determinante para elevar padr\u00f5es de qualidade e confian\u00e7a:&nbsp;<em>\u201cHoje temos caminhos mais estruturados, mais seguros e mais preparados para responder \u00e0s expectativas de quem nos visita. O objetivo \u00e9 continuar a qualificar esta oferta e afirmar o Centro de Portugal como uma refer\u00eancia incontorn\u00e1vel nos Caminhos de Santiago\u201d<\/em>.<\/p>\n\n\n\n<p>O programa do Encontro inclui, durante o dia de hoje, sess\u00f5es dedicadas ao balan\u00e7o do processo de certifica\u00e7\u00e3o dos Caminhos de Santiago em Portugal, bem como mesas-redondas sobre os desafios da governan\u00e7a e sobre o futuro destes itiner\u00e1rios. Destaque ainda para interven\u00e7\u00f5es de especialistas e investigadores, que abordam a import\u00e2ncia da preserva\u00e7\u00e3o da rede de caminhos e o seu valor hist\u00f3rico e cultural.<\/p>\n\n\n\n<p>A iniciativa integra tamb\u00e9m momentos de partilha de experi\u00eancias no terreno, com testemunhos de entidades gestoras, operadores tur\u00edsticos e peregrinos, proporcionando uma vis\u00e3o abrangente sobre o impacto destes percursos.<\/p>\n\n\n\n<p>No segundo dia, o programa assinala o Dia Internacional dos Monumentos e S\u00edtios com a realiza\u00e7\u00e3o de um percurso no Caminho Portugu\u00eas de Santiago \u2013 Caminho de Torres, com o objetivo de promover o contacto direto com o territ\u00f3rio.<\/p>\n\n\n\n<p><strong>Centro de Portugal com itiner\u00e1rios certificados desde 2021<\/strong><\/p>\n\n\n\n<p>Recorde-se que o&nbsp;<strong>Caminho Portugu\u00eas de Santiago Central \u2013 Regi\u00e3o Centro<\/strong>&nbsp;foi certificado em julho de 2023, ao abrigo da Portaria n.\u00ba 216\/2023, na sequ\u00eancia de uma candidatura apresentada pela Turismo Centro de Portugal, enquanto entidade gestora do Caminho.<\/p>\n\n\n\n<p>Esta certifica\u00e7\u00e3o reconhece o valor hist\u00f3rico, cultural e patrimonial do itiner\u00e1rio, bem como o cumprimento de crit\u00e9rios exigentes ao n\u00edvel da autenticidade, continuidade, seguran\u00e7a, conforto e qualidade da experi\u00eancia do peregrino.<\/p>\n\n\n\n<p>Com uma extens\u00e3o de 191,6 quil\u00f3metros na regi\u00e3o Centro, o Caminho Portugu\u00eas de Santiago Central \u2013 Regi\u00e3o Centro atravessa 12 munic\u00edpios da regi\u00e3o: de sul para norte, Vila Nova da Barquinha, Tomar, Ferreira do Z\u00eazere, Alvai\u00e1zere, Ansi\u00e3o, Penela, Condeixa-a-Nova, Coimbra, Mealhada, Anadia, \u00c1gueda e Albergaria-a-Velha. O percurso continua depois para norte, at\u00e9 Santiago de Compostela.<\/p>\n\n\n\n<p>J\u00e1 antes, em outubro de 2021, tinha sido certificado o&nbsp;<strong>Caminho Portugu\u00eas de Santiago Interior<\/strong>, que tem uma extens\u00e3o de 214 quil\u00f3metros e come\u00e7a na regi\u00e3o Centro. Este Caminho, gerido pela Federa\u00e7\u00e3o Portuguesa dos Caminhos de Santiago, est\u00e1 dividido em 11 etapas, entre Viseu e Chaves, atravessando depois a fronteira com Espanha em Vilarelho da Raia.<\/p>\n\n\n\n<p>Para um itiner\u00e1rio ser certificado, tem de obedecer a um conjunto de requisitos, nomeadamente a fundamenta\u00e7\u00e3o do uso consistente do itiner\u00e1rio de peregrina\u00e7\u00e3o, comprovado por fontes hist\u00f3ricas, vest\u00edgios materiais ou tradi\u00e7\u00e3o documentalmente registada. Outros crit\u00e9rios exig\u00edveis s\u00e3o a disponibiliza\u00e7\u00e3o de equipamentos de apoio aos peregrinos, incluindo pontos de descanso com sombra dotados de \u00e1gua pot\u00e1vel, locais para preparar ou servir refei\u00e7\u00f5es e locais para dormir e tomar banho.<\/p>\n\n\n\n<p><strong>\u201cRoteiro dos Caminhos de Santiago no Centro de Portugal\u201d<\/strong><\/p>\n\n\n\n<p>Recentemente, a Turismo Centro de Portugal apresentou o&nbsp;<strong>\u201c<a href=\"https:\/\/turismodocentro.us17.list-manage.com\/track\/click?u=9b14ef0c6c1999e92ddae9fc9&amp;id=ea6e8b099e&amp;e=cf2176b759\">Roteiro dos Caminhos de Santiago no Centro de Portugal<\/a>\u201d<\/strong>. A publica\u00e7\u00e3o, produzida pela TCP em parceria com a Federa\u00e7\u00e3o Portuguesa dos Caminhos de Santiago, re\u00fane os sete Caminhos que atravessam o territ\u00f3rio \u2013 o Caminho Central, o Caminho Portugu\u00eas do Interior, o Caminho de Torres, o Caminho Portugal Nascente, o Caminho Mar\u00edtimo, o Caminho do Ocidente e a Via da Estrela \u2013 os dois primeiros j\u00e1 certificados e os restantes em processo de certifica\u00e7\u00e3o ou desenvolvimento.<\/p>\n\n\n\n<p>O Roteiro, dispon\u00edvel para consulta em\u00a0<a href=\"https:\/\/turismodocentro.us17.list-manage.com\/track\/click?u=9b14ef0c6c1999e92ddae9fc9&amp;id=cb9ec63c34&amp;e=cf2176b759\">https:\/\/shorturl.at\/5rj1M<\/a>, conjuga hist\u00f3ria, espiritualidade e informa\u00e7\u00e3o pr\u00e1tica, incluindo descri\u00e7\u00f5es detalhadas, mapas, altimetrias, dist\u00e2ncias, curiosidades e c\u00f3digos QR para descarregar os percursos. \u00c9 uma ferramenta essencial para peregrinos e viajantes que procuram fazer os Caminhos de Santiago pelo Centro de Portugal com autenticidade, seguran\u00e7a e sentido de descoberta.<\/p>\n\n\n\n<p><strong>Sobre a Turismo Centro de Portugal:<\/strong><\/p>\n\n\n\n<p>A Turismo Centro de Portugal \u00e9 a entidade que estrutura e promove o turismo na Regi\u00e3o Centro do pa\u00eds. Esta \u00e9 a maior e mais diversificada \u00e1rea tur\u00edstica nacional, abrangendo 100 munic\u00edpios, e tem registado um intenso crescimento da procura interna e externa. \u00c9 a regi\u00e3o a escolher para quem pretende experi\u00eancias diversificadas, pois concilia locais Patrim\u00f3nio da Humanidade com a melhor costa de surf da Europa, termas e spas id\u00edlicos, locais de culto de import\u00e2ncia mundial e as mais belas aldeias.<\/p>\n","protected":false},"excerpt":{"rendered":"<p>Turismo Centro de Portugal participa\u00a0no 1.\u00ba Encontro dos Caminhos de Santiago em Portugal e destaca a import\u00e2ncia estrat\u00e9gica destes itiner\u00e1rios&#8230;<\/p>\n","protected":false},"author":7,"featured_media":14319,"comment_status":"closed","ping_status":"open","sticky":false,"template":"","format":"standard","meta":[],"categories":[39],"tags":[346],"yoast_head":"<!-- This site is optimized with the Yoast SEO plugin v20.12 - https:\/\/yoast.com\/wordpress\/plugins\/seo\/ -->\n<title>Centro de Portugal refor\u00e7a posicionamento nos Caminhos de Santiago - Atelier do Caractere<\/title>\n<meta name=\"robots\" content=\"index, follow, max-snippet:-1, max-image-preview:large, max-video-preview:-1\" \/>\n<link rel=\"canonical\" href=\"https:\/\/www.atelierdocaractere.pt\/brevemente\/centro-de-portugal-reforca-posicionamento-nos-caminhos-de-santiago\/\" \/>\n<meta property=\"og:locale\" content=\"pt_PT\" \/>\n<meta property=\"og:type\" content=\"article\" \/>\n<meta property=\"og:title\" content=\"Centro de Portugal refor\u00e7a posicionamento nos Caminhos de Santiago - Atelier do Caractere\" \/>\n<meta property=\"og:description\" content=\"Turismo Centro de Portugal participa\u00a0no 1.\u00ba Encontro dos Caminhos de Santiago em Portugal e destaca a import\u00e2ncia estrat\u00e9gica destes itiner\u00e1rios...\" \/>\n<meta property=\"og:url\" content=\"https:\/\/www.atelierdocaractere.pt\/brevemente\/centro-de-portugal-reforca-posicionamento-nos-caminhos-de-santiago\/\" \/>\n<meta property=\"og:site_name\" content=\"Atelier do Caractere\" \/>\n<meta property=\"article:publisher\" content=\"https:\/\/www.facebook.com\/AtelierdoCaractere\" \/>\n<meta property=\"article:published_time\" content=\"2026-04-17T14:08:20+00:00\" \/>\n<meta property=\"article:modified_time\" content=\"2026-04-24T14:10:00+00:00\" \/>\n<meta property=\"og:image\" content=\"https:\/\/www.atelierdocaractere.pt\/wp-content\/uploads\/2026\/04\/e4f6a90f-0d7d-3a5e-fc42-80e568db0ba7.jpg\" \/>\n\t<meta property=\"og:image:width\" content=\"1200\" \/>\n\t<meta property=\"og:image:height\" content=\"771\" \/>\n\t<meta property=\"og:image:type\" content=\"image\/jpeg\" \/>\n<meta name=\"author\" content=\"Joana Barbosa\" \/>\n<meta name=\"twitter:card\" content=\"summary_large_image\" \/>\n<meta name=\"twitter:label1\" content=\"Escrito por\" \/>\n\t<meta name=\"twitter:data1\" content=\"Joana Barbosa\" \/>\n\t<meta name=\"twitter:label2\" content=\"Tempo estimado de leitura\" \/>\n\t<meta name=\"twitter:data2\" content=\"6 minutos\" \/>\n<script type=\"application\/ld+json\" class=\"yoast-schema-graph\">{\"@context\":\"https:\/\/schema.org\",\"@graph\":[{\"@type\":\"WebPage\",\"@id\":\"https:\/\/www.atelierdocaractere.pt\/brevemente\/centro-de-portugal-reforca-posicionamento-nos-caminhos-de-santiago\/\",\"url\":\"https:\/\/www.atelierdocaractere.pt\/brevemente\/centro-de-portugal-reforca-posicionamento-nos-caminhos-de-santiago\/\",\"name\":\"Centro de Portugal refor\u00e7a posicionamento nos Caminhos de Santiago - Atelier do Caractere\",\"isPartOf\":{\"@id\":\"https:\/\/www.atelierdocaractere.pt\/brevemente\/#website\"},\"datePublished\":\"2026-04-17T14:08:20+00:00\",\"dateModified\":\"2026-04-24T14:10:00+00:00\",\"author\":{\"@id\":\"https:\/\/www.atelierdocaractere.pt\/brevemente\/#\/schema\/person\/f2f096eb0f27d9894725af22cb97c0db\"},\"breadcrumb\":{\"@id\":\"https:\/\/www.atelierdocaractere.pt\/brevemente\/centro-de-portugal-reforca-posicionamento-nos-caminhos-de-santiago\/#breadcrumb\"},\"inLanguage\":\"pt-PT\",\"potentialAction\":[{\"@type\":\"ReadAction\",\"target\":[\"https:\/\/www.atelierdocaractere.pt\/brevemente\/centro-de-portugal-reforca-posicionamento-nos-caminhos-de-santiago\/\"]}]},{\"@type\":\"BreadcrumbList\",\"@id\":\"https:\/\/www.atelierdocaractere.pt\/brevemente\/centro-de-portugal-reforca-posicionamento-nos-caminhos-de-santiago\/#breadcrumb\",\"itemListElement\":[{\"@type\":\"ListItem\",\"position\":1,\"name\":\"In\u00edcio\",\"item\":\"https:\/\/www.atelierdocaractere.pt\/brevemente\/\"},{\"@type\":\"ListItem\",\"position\":2,\"name\":\"Centro de Portugal refor\u00e7a posicionamento nos Caminhos de Santiago\"}]},{\"@type\":\"WebSite\",\"@id\":\"https:\/\/www.atelierdocaractere.pt\/brevemente\/#website\",\"url\":\"https:\/\/www.atelierdocaractere.pt\/brevemente\/\",\"name\":\"Atelier do Caractere\",\"description\":\"\",\"potentialAction\":[{\"@type\":\"SearchAction\",\"target\":{\"@type\":\"EntryPoint\",\"urlTemplate\":\"https:\/\/www.atelierdocaractere.pt\/brevemente\/?s={search_term_string}\"},\"query-input\":\"required name=search_term_string\"}],\"inLanguage\":\"pt-PT\"},{\"@type\":\"Person\",\"@id\":\"https:\/\/www.atelierdocaractere.pt\/brevemente\/#\/schema\/person\/f2f096eb0f27d9894725af22cb97c0db\",\"name\":\"Joana Barbosa\",\"image\":{\"@type\":\"ImageObject\",\"inLanguage\":\"pt-PT\",\"@id\":\"https:\/\/www.atelierdocaractere.pt\/brevemente\/#\/schema\/person\/image\/\",\"url\":\"https:\/\/secure.gravatar.com\/avatar\/33e8214b45e9d68a3a83008731075979?s=96&d=mm&r=g\",\"contentUrl\":\"https:\/\/secure.gravatar.com\/avatar\/33e8214b45e9d68a3a83008731075979?s=96&d=mm&r=g\",\"caption\":\"Joana Barbosa\"},\"url\":\"https:\/\/www.atelierdocaractere.pt\/brevemente\/author\/joanabarbosa\/\"}]}<\/script>\n<!-- \/ Yoast SEO plugin. -->","yoast_head_json":{"title":"Centro de Portugal refor\u00e7a posicionamento nos Caminhos de Santiago - Atelier do Caractere","robots":{"index":"index","follow":"follow","max-snippet":"max-snippet:-1","max-image-preview":"max-image-preview:large","max-video-preview":"max-video-preview:-1"},"canonical":"https:\/\/www.atelierdocaractere.pt\/brevemente\/centro-de-portugal-reforca-posicionamento-nos-caminhos-de-santiago\/","og_locale":"pt_PT","og_type":"article","og_title":"Centro de Portugal refor\u00e7a posicionamento nos Caminhos de Santiago - Atelier do Caractere","og_description":"Turismo Centro de Portugal participa\u00a0no 1.\u00ba Encontro dos Caminhos de Santiago em Portugal e destaca a import\u00e2ncia estrat\u00e9gica destes itiner\u00e1rios...","og_url":"https:\/\/www.atelierdocaractere.pt\/brevemente\/centro-de-portugal-reforca-posicionamento-nos-caminhos-de-santiago\/","og_site_name":"Atelier do Caractere","article_publisher":"https:\/\/www.facebook.com\/AtelierdoCaractere","article_published_time":"2026-04-17T14:08:20+00:00","article_modified_time":"2026-04-24T14:10:00+00:00","og_image":[{"width":1200,"height":771,"url":"https:\/\/www.atelierdocaractere.pt\/wp-content\/uploads\/2026\/04\/e4f6a90f-0d7d-3a5e-fc42-80e568db0ba7.jpg","type":"image\/jpeg"}],"author":"Joana Barbosa","twitter_card":"summary_large_image","twitter_misc":{"Escrito por":"Joana Barbosa","Tempo estimado de leitura":"6 minutos"},"schema":{"@context":"https:\/\/schema.org","@graph":[{"@type":"WebPage","@id":"https:\/\/www.atelierdocaractere.pt\/brevemente\/centro-de-portugal-reforca-posicionamento-nos-caminhos-de-santiago\/","url":"https:\/\/www.atelierdocaractere.pt\/brevemente\/centro-de-portugal-reforca-posicionamento-nos-caminhos-de-santiago\/","name":"Centro de Portugal refor\u00e7a posicionamento nos Caminhos de Santiago - Atelier do Caractere","isPartOf":{"@id":"https:\/\/www.atelierdocaractere.pt\/brevemente\/#website"},"datePublished":"2026-04-17T14:08:20+00:00","dateModified":"2026-04-24T14:10:00+00:00","author":{"@id":"https:\/\/www.atelierdocaractere.pt\/brevemente\/#\/schema\/person\/f2f096eb0f27d9894725af22cb97c0db"},"breadcrumb":{"@id":"https:\/\/www.atelierdocaractere.pt\/brevemente\/centro-de-portugal-reforca-posicionamento-nos-caminhos-de-santiago\/#breadcrumb"},"inLanguage":"pt-PT","potentialAction":[{"@type":"ReadAction","target":["https:\/\/www.atelierdocaractere.pt\/brevemente\/centro-de-portugal-reforca-posicionamento-nos-caminhos-de-santiago\/"]}]},{"@type":"BreadcrumbList","@id":"https:\/\/www.atelierdocaractere.pt\/brevemente\/centro-de-portugal-reforca-posicionamento-nos-caminhos-de-santiago\/#breadcrumb","itemListElement":[{"@type":"ListItem","position":1,"name":"In\u00edcio","item":"https:\/\/www.atelierdocaractere.pt\/brevemente\/"},{"@type":"ListItem","position":2,"name":"Centro de Portugal refor\u00e7a posicionamento nos Caminhos de Santiago"}]},{"@type":"WebSite","@id":"https:\/\/www.atelierdocaractere.pt\/brevemente\/#website","url":"https:\/\/www.atelierdocaractere.pt\/brevemente\/","name":"Atelier do Caractere","description":"","potentialAction":[{"@type":"SearchAction","target":{"@type":"EntryPoint","urlTemplate":"https:\/\/www.atelierdocaractere.pt\/brevemente\/?s={search_term_string}"},"query-input":"required name=search_term_string"}],"inLanguage":"pt-PT"},{"@type":"Person","@id":"https:\/\/www.atelierdocaractere.pt\/brevemente\/#\/schema\/person\/f2f096eb0f27d9894725af22cb97c0db","name":"Joana Barbosa","image":{"@type":"ImageObject","inLanguage":"pt-PT","@id":"https:\/\/www.atelierdocaractere.pt\/brevemente\/#\/schema\/person\/image\/","url":"https:\/\/secure.gravatar.com\/avatar\/33e8214b45e9d68a3a83008731075979?s=96&d=mm&r=g","contentUrl":"https:\/\/secure.gravatar.com\/avatar\/33e8214b45e9d68a3a83008731075979?s=96&d=mm&r=g","caption":"Joana Barbosa"},"url":"https:\/\/www.atelierdocaractere.pt\/brevemente\/author\/joanabarbosa\/"}]}},"_links":{"self":[{"href":"https:\/\/www.atelierdocaractere.pt\/brevemente\/wp-json\/wp\/v2\/posts\/14318"}],"collection":[{"href":"https:\/\/www.atelierdocaractere.pt\/brevemente\/wp-json\/wp\/v2\/posts"}],"about":[{"href":"https:\/\/www.atelierdocaractere.pt\/brevemente\/wp-json\/wp\/v2\/types\/post"}],"author":[{"embeddable":true,"href":"https:\/\/www.atelierdocaractere.pt\/brevemente\/wp-json\/wp\/v2\/users\/7"}],"replies":[{"embeddable":true,"href":"https:\/\/www.atelierdocaractere.pt\/brevemente\/wp-json\/wp\/v2\/comments?post=14318"}],"version-history":[{"count":1,"href":"https:\/\/www.atelierdocaractere.pt\/brevemente\/wp-json\/wp\/v2\/posts\/14318\/revisions"}],"predecessor-version":[{"id":14320,"href":"https:\/\/www.atelierdocaractere.pt\/brevemente\/wp-json\/wp\/v2\/posts\/14318\/revisions\/14320"}],"wp:featuredmedia":[{"embeddable":true,"href":"https:\/\/www.atelierdocaractere.pt\/brevemente\/wp-json\/wp\/v2\/media\/14319"}],"wp:attachment":[{"href":"https:\/\/www.atelierdocaractere.pt\/brevemente\/wp-json\/wp\/v2\/media?parent=14318"}],"wp:term":[{"taxonomy":"category","embeddable":true,"href":"https:\/\/www.atelierdocaractere.pt\/brevemente\/wp-json\/wp\/v2\/categories?post=14318"},{"taxonomy":"post_tag","embeddable":true,"href":"https:\/\/www.atelierdocaractere.pt\/brevemente\/wp-json\/wp\/v2\/tags?post=14318"}],"curies":[{"name":"wp","href":"https:\/\/api.w.org\/{rel}","templated":true}]}}