{"id":1980,"date":"2013-05-27T17:00:32","date_gmt":"2013-05-27T17:00:32","guid":{"rendered":"http:\/\/themes.wpbox.net\/written\/?p=11"},"modified":"2019-11-11T18:45:30","modified_gmt":"2019-11-11T18:45:30","slug":"ralli-tt-serras-do-norte","status":"publish","type":"post","link":"https:\/\/www.atelierdocaractere.pt\/brevemente\/ralli-tt-serras-do-norte\/","title":{"rendered":"RALI TT SERRAS DO NORTE MARCA ESTREIA COMPETITIVA DO OPEL MOKKA PROTO DE NUNO MATOS E FILIPE SERRA"},"content":{"rendered":"<ul>\n<li><b><i>Impossibilitada de estrear o novo carro na jornada que abriu oficialmente a temporada de 2013, dupla de Portalegre aproveitou as \u00faltimas semanas para desenvolver e testar exaustivamente o Opel Mokka Proto com que se apresentar\u00e1, j\u00e1 a partir deste s\u00e1bado, no Rali TT Serras do Norte, a segunda prova do ano pontu\u00e1vel para o Campeonato de Portugal de Todo-Terreno (CPTT) e que este ano celebra a sua vig\u00e9sima edi\u00e7\u00e3o\u2026<\/i><\/b><\/li>\n<\/ul>\n<p>Seis semanas ap\u00f3s a abertura do Campeonato de Portugal de Todo-o-Terreno (CPTT) no Ervideira Rali TT, Nuno Matos e Filipe Serra preparam o regresso \u00e0 competi\u00e7\u00e3o, j\u00e1 no pr\u00f3ximo fim de semana, para cumprirem a estreia oficial do Opel Mokka na \u00fanica etapa do calend\u00e1rio disputada a norte do rio Douro.<\/p>\n<p>Organizado h\u00e1 j\u00e1 20 anos pelo Motor Clube de Guimar\u00e3es, o Rali TT Serras do Norte ter\u00e1 uma vez mais como pano de fundo os concelhos de Fafe e Ribeira de Pena, num figurino muito semelhante ao do ano passado, com pistas r\u00e1pidas e quase sempre em bom piso.<\/p>\n<p><b>\u201c\u00c9 uma jornada com caracter\u00edsticas muito pr\u00f3prias e que se desenrola nalguns dos mais belos trilhos da regi\u00e3o norte, sempre muito espectaculares do ponto de vista da condu\u00e7\u00e3o. Acredito, por isso, que vai ser um enorme prazer percorrer estas pistas pela primeira vez ao volante do nosso Opel Mokka\u201d<\/b>, assume Nuno Matos, sem esconder alguma ansiedade pela estreia do novo carro.<b><\/b><\/p>\n<p><b>\u201cDepois de falhada a estreia no Ervideira Rali TT, estou naturalmente ansioso por esta corrida que marcar\u00e1 o in\u00edcio de um novo e ambicioso projeto para a equipa. Trabalh\u00e1mos muito nestas \u00faltimas semanas, procurando as melhores afina\u00e7\u00f5es e resolvendo pequenos problemas que fomos identificando. Sinto que estamos no bom caminho, mas falta agora perceber onde \u00e9 que nos poderemos situar no confronto direto com a concorr\u00eancia\u201d<\/b>, acrescenta o piloto de Portalegre, preferindo n\u00e3o estabelecer qualquer tipo de objetivo ao n\u00edvel do resultado. <b><\/b><\/p>\n<p><b>\u201cAcima de tudo, ser\u00e1 importante terminar esta prova para ganhar confian\u00e7a e recolher o maior n\u00famero de informa\u00e7\u00f5es poss\u00edvel sobre o comportamento do Opel Mokka em ritmo de competi\u00e7\u00e3o. Estamos ainda numa fase muito inicial do seu desenvolvimento, embora j\u00e1 perfeitamente conscientes do seu enorme potencial competitivo\u201d<\/b>.<\/p>\n<p>Segunda prova do ano pontu\u00e1vel para o Campeonato de Portugal de Todo-o-Terreno, a vig\u00e9sima edi\u00e7\u00e3o do Rali TT Serras do Norte ser\u00e1 disputada ao longo de 420 km, dos quais 260 em percurso cronometrado.<\/p>\n<p>Tal como na anterior edi\u00e7\u00e3o, o primeiro dia ser\u00e1 cumprido em Fafe e inclui uma Super Especial com 7,9 km desenhada nos terrenos cont\u00edguos \u00e0 conhecida classificativa da Lameirinha.<\/p>\n<p>Para domingo, o Motor Clube de Guimar\u00e3es reservou uma dupla passagem por um Setor Seletivo de 122 km que ter\u00e1 como cen\u00e1rio a regi\u00e3o de Ribeira de Pena. A chegada est\u00e1 prevista para cerca das 16h00 no Multisusos de Fafe.<\/p>\n<p><b>PROGRAMA<\/b><\/p>\n<p><b>S\u00e1bado, 1 de junho<\/b><\/p>\n<p>09h00\/12h00 \u2013 Verifica\u00e7\u00f5es Documentais<\/p>\n<p>09h30\/12h30 \u2013 Verifica\u00e7\u00f5es T\u00e9cnicas<\/p>\n<p>13h00 \u2013 Hora limite de entrada no Parque Fechado<\/p>\n<p>15h30 \u2013 Partida do Parque Fechado para a Super Especial<\/p>\n<p>15h20 \u2013 In\u00edcio da Super Especial<\/p>\n<p>18h30 \u2013 Hora limite de entrada no Parque Fechado<\/p>\n<p>19h15 \u2013 Confer\u00eancia de Imprensa<\/p>\n<p><b>Domingo, 2 de junho<\/b><\/p>\n<p>08h30 \u2013 Partida do Parque Fechado para a 1\u00aa Etapa<\/p>\n<p>09h30 \u2013 Partida para o Setor Seletivo<\/p>\n<p>15h45 \u2013 Chegada prevista ao final<\/p>\n<p>18h00 \u2013 Distribui\u00e7\u00e3o de pr\u00e9mios no P\u00f3dio<\/p>\n<p>&nbsp;<\/p>\n<p>Mais informa\u00e7\u00f5es sobre a prova em <a href=\"http:\/\/www.motor-clube-guimares.pt\/\">www.motor-clube-guimares.pt<\/a><\/p>\n<p>&nbsp;<\/p>\n","protected":false},"excerpt":{"rendered":"<p>Impossibilitada de estrear o novo carro na jornada que abriu oficialmente a temporada de 2013, dupla de Portalegre aproveitou as&#8230;<\/p>\n","protected":false},"author":2,"featured_media":2825,"comment_status":"open","ping_status":"open","sticky":false,"template":"","format":"video","meta":[],"categories":[24],"tags":[56,61,62],"yoast_head":"<!-- This site is optimized with the Yoast SEO plugin v20.12 - https:\/\/yoast.com\/wordpress\/plugins\/seo\/ -->\n<title>RALI TT SERRAS DO NORTE MARCA ESTREIA COMPETITIVA DO OPEL MOKKA PROTO DE NUNO MATOS E FILIPE SERRA - Atelier do Caractere<\/title>\n<meta name=\"robots\" content=\"index, follow, max-snippet:-1, max-image-preview:large, max-video-preview:-1\" \/>\n<link rel=\"canonical\" href=\"https:\/\/www.atelierdocaractere.pt\/brevemente\/ralli-tt-serras-do-norte\/\" \/>\n<meta property=\"og:locale\" content=\"pt_PT\" \/>\n<meta property=\"og:type\" content=\"article\" \/>\n<meta property=\"og:title\" content=\"RALI TT SERRAS DO NORTE MARCA ESTREIA COMPETITIVA DO OPEL MOKKA PROTO DE NUNO MATOS E FILIPE SERRA - Atelier do Caractere\" \/>\n<meta property=\"og:description\" content=\"Impossibilitada de estrear o novo carro na jornada que abriu oficialmente a temporada de 2013, dupla de Portalegre aproveitou as...\" \/>\n<meta property=\"og:url\" content=\"https:\/\/www.atelierdocaractere.pt\/brevemente\/ralli-tt-serras-do-norte\/\" \/>\n<meta property=\"og:site_name\" content=\"Atelier do Caractere\" \/>\n<meta property=\"article:publisher\" content=\"https:\/\/www.facebook.com\/AtelierdoCaractere\" \/>\n<meta property=\"article:published_time\" content=\"2013-05-27T17:00:32+00:00\" \/>\n<meta property=\"article:modified_time\" content=\"2019-11-11T18:45:30+00:00\" \/>\n<meta property=\"og:image\" content=\"http:\/\/www.atelierdocaractere.pt\/wp-content\/uploads\/2012\/11\/Opel_Mokka.jpg\" \/>\n\t<meta property=\"og:image:width\" content=\"2125\" \/>\n\t<meta property=\"og:image:height\" content=\"1418\" \/>\n\t<meta property=\"og:image:type\" content=\"image\/jpeg\" \/>\n<meta name=\"author\" content=\"editor@atelierdocaractere\" \/>\n<meta name=\"twitter:card\" content=\"summary_large_image\" \/>\n<meta name=\"twitter:label1\" content=\"Escrito por\" \/>\n\t<meta name=\"twitter:data1\" content=\"editor@atelierdocaractere\" \/>\n\t<meta name=\"twitter:label2\" content=\"Tempo estimado de leitura\" \/>\n\t<meta name=\"twitter:data2\" content=\"3 minutos\" \/>\n<script type=\"application\/ld+json\" class=\"yoast-schema-graph\">{\"@context\":\"https:\/\/schema.org\",\"@graph\":[{\"@type\":\"WebPage\",\"@id\":\"https:\/\/www.atelierdocaractere.pt\/brevemente\/ralli-tt-serras-do-norte\/\",\"url\":\"https:\/\/www.atelierdocaractere.pt\/brevemente\/ralli-tt-serras-do-norte\/\",\"name\":\"RALI TT SERRAS DO NORTE MARCA ESTREIA COMPETITIVA DO OPEL MOKKA PROTO DE NUNO MATOS E FILIPE SERRA - Atelier do Caractere\",\"isPartOf\":{\"@id\":\"https:\/\/www.atelierdocaractere.pt\/brevemente\/#website\"},\"datePublished\":\"2013-05-27T17:00:32+00:00\",\"dateModified\":\"2019-11-11T18:45:30+00:00\",\"author\":{\"@id\":\"https:\/\/www.atelierdocaractere.pt\/brevemente\/#\/schema\/person\/9cbfe9364f1f340a0e67c62563053c6e\"},\"breadcrumb\":{\"@id\":\"https:\/\/www.atelierdocaractere.pt\/brevemente\/ralli-tt-serras-do-norte\/#breadcrumb\"},\"inLanguage\":\"pt-PT\",\"potentialAction\":[{\"@type\":\"ReadAction\",\"target\":[\"https:\/\/www.atelierdocaractere.pt\/brevemente\/ralli-tt-serras-do-norte\/\"]}]},{\"@type\":\"BreadcrumbList\",\"@id\":\"https:\/\/www.atelierdocaractere.pt\/brevemente\/ralli-tt-serras-do-norte\/#breadcrumb\",\"itemListElement\":[{\"@type\":\"ListItem\",\"position\":1,\"name\":\"In\u00edcio\",\"item\":\"https:\/\/www.atelierdocaractere.pt\/brevemente\/\"},{\"@type\":\"ListItem\",\"position\":2,\"name\":\"RALI TT SERRAS DO NORTE MARCA ESTREIA COMPETITIVA DO OPEL MOKKA PROTO DE NUNO MATOS E FILIPE SERRA\"}]},{\"@type\":\"WebSite\",\"@id\":\"https:\/\/www.atelierdocaractere.pt\/brevemente\/#website\",\"url\":\"https:\/\/www.atelierdocaractere.pt\/brevemente\/\",\"name\":\"Atelier do Caractere\",\"description\":\"\",\"potentialAction\":[{\"@type\":\"SearchAction\",\"target\":{\"@type\":\"EntryPoint\",\"urlTemplate\":\"https:\/\/www.atelierdocaractere.pt\/brevemente\/?s={search_term_string}\"},\"query-input\":\"required name=search_term_string\"}],\"inLanguage\":\"pt-PT\"},{\"@type\":\"Person\",\"@id\":\"https:\/\/www.atelierdocaractere.pt\/brevemente\/#\/schema\/person\/9cbfe9364f1f340a0e67c62563053c6e\",\"name\":\"editor@atelierdocaractere\",\"image\":{\"@type\":\"ImageObject\",\"inLanguage\":\"pt-PT\",\"@id\":\"https:\/\/www.atelierdocaractere.pt\/brevemente\/#\/schema\/person\/image\/\",\"url\":\"https:\/\/secure.gravatar.com\/avatar\/0fbdb8811d6ce6feb06d4d626953d952?s=96&d=mm&r=g\",\"contentUrl\":\"https:\/\/secure.gravatar.com\/avatar\/0fbdb8811d6ce6feb06d4d626953d952?s=96&d=mm&r=g\",\"caption\":\"editor@atelierdocaractere\"},\"url\":\"https:\/\/www.atelierdocaractere.pt\/brevemente\/author\/editoratelierdocaractere\/\"}]}<\/script>\n<!-- \/ Yoast SEO plugin. -->","yoast_head_json":{"title":"RALI TT SERRAS DO NORTE MARCA ESTREIA COMPETITIVA DO OPEL MOKKA PROTO DE NUNO MATOS E FILIPE SERRA - Atelier do Caractere","robots":{"index":"index","follow":"follow","max-snippet":"max-snippet:-1","max-image-preview":"max-image-preview:large","max-video-preview":"max-video-preview:-1"},"canonical":"https:\/\/www.atelierdocaractere.pt\/brevemente\/ralli-tt-serras-do-norte\/","og_locale":"pt_PT","og_type":"article","og_title":"RALI TT SERRAS DO NORTE MARCA ESTREIA COMPETITIVA DO OPEL MOKKA PROTO DE NUNO MATOS E FILIPE SERRA - Atelier do Caractere","og_description":"Impossibilitada de estrear o novo carro na jornada que abriu oficialmente a temporada de 2013, dupla de Portalegre aproveitou as...","og_url":"https:\/\/www.atelierdocaractere.pt\/brevemente\/ralli-tt-serras-do-norte\/","og_site_name":"Atelier do Caractere","article_publisher":"https:\/\/www.facebook.com\/AtelierdoCaractere","article_published_time":"2013-05-27T17:00:32+00:00","article_modified_time":"2019-11-11T18:45:30+00:00","og_image":[{"width":2125,"height":1418,"url":"http:\/\/www.atelierdocaractere.pt\/wp-content\/uploads\/2012\/11\/Opel_Mokka.jpg","type":"image\/jpeg"}],"author":"editor@atelierdocaractere","twitter_card":"summary_large_image","twitter_misc":{"Escrito por":"editor@atelierdocaractere","Tempo estimado de leitura":"3 minutos"},"schema":{"@context":"https:\/\/schema.org","@graph":[{"@type":"WebPage","@id":"https:\/\/www.atelierdocaractere.pt\/brevemente\/ralli-tt-serras-do-norte\/","url":"https:\/\/www.atelierdocaractere.pt\/brevemente\/ralli-tt-serras-do-norte\/","name":"RALI TT SERRAS DO NORTE MARCA ESTREIA COMPETITIVA DO OPEL MOKKA PROTO DE NUNO MATOS E FILIPE SERRA - Atelier do Caractere","isPartOf":{"@id":"https:\/\/www.atelierdocaractere.pt\/brevemente\/#website"},"datePublished":"2013-05-27T17:00:32+00:00","dateModified":"2019-11-11T18:45:30+00:00","author":{"@id":"https:\/\/www.atelierdocaractere.pt\/brevemente\/#\/schema\/person\/9cbfe9364f1f340a0e67c62563053c6e"},"breadcrumb":{"@id":"https:\/\/www.atelierdocaractere.pt\/brevemente\/ralli-tt-serras-do-norte\/#breadcrumb"},"inLanguage":"pt-PT","potentialAction":[{"@type":"ReadAction","target":["https:\/\/www.atelierdocaractere.pt\/brevemente\/ralli-tt-serras-do-norte\/"]}]},{"@type":"BreadcrumbList","@id":"https:\/\/www.atelierdocaractere.pt\/brevemente\/ralli-tt-serras-do-norte\/#breadcrumb","itemListElement":[{"@type":"ListItem","position":1,"name":"In\u00edcio","item":"https:\/\/www.atelierdocaractere.pt\/brevemente\/"},{"@type":"ListItem","position":2,"name":"RALI TT SERRAS DO NORTE MARCA ESTREIA COMPETITIVA DO OPEL MOKKA PROTO DE NUNO MATOS E FILIPE SERRA"}]},{"@type":"WebSite","@id":"https:\/\/www.atelierdocaractere.pt\/brevemente\/#website","url":"https:\/\/www.atelierdocaractere.pt\/brevemente\/","name":"Atelier do Caractere","description":"","potentialAction":[{"@type":"SearchAction","target":{"@type":"EntryPoint","urlTemplate":"https:\/\/www.atelierdocaractere.pt\/brevemente\/?s={search_term_string}"},"query-input":"required name=search_term_string"}],"inLanguage":"pt-PT"},{"@type":"Person","@id":"https:\/\/www.atelierdocaractere.pt\/brevemente\/#\/schema\/person\/9cbfe9364f1f340a0e67c62563053c6e","name":"editor@atelierdocaractere","image":{"@type":"ImageObject","inLanguage":"pt-PT","@id":"https:\/\/www.atelierdocaractere.pt\/brevemente\/#\/schema\/person\/image\/","url":"https:\/\/secure.gravatar.com\/avatar\/0fbdb8811d6ce6feb06d4d626953d952?s=96&d=mm&r=g","contentUrl":"https:\/\/secure.gravatar.com\/avatar\/0fbdb8811d6ce6feb06d4d626953d952?s=96&d=mm&r=g","caption":"editor@atelierdocaractere"},"url":"https:\/\/www.atelierdocaractere.pt\/brevemente\/author\/editoratelierdocaractere\/"}]}},"_links":{"self":[{"href":"https:\/\/www.atelierdocaractere.pt\/brevemente\/wp-json\/wp\/v2\/posts\/1980"}],"collection":[{"href":"https:\/\/www.atelierdocaractere.pt\/brevemente\/wp-json\/wp\/v2\/posts"}],"about":[{"href":"https:\/\/www.atelierdocaractere.pt\/brevemente\/wp-json\/wp\/v2\/types\/post"}],"author":[{"embeddable":true,"href":"https:\/\/www.atelierdocaractere.pt\/brevemente\/wp-json\/wp\/v2\/users\/2"}],"replies":[{"embeddable":true,"href":"https:\/\/www.atelierdocaractere.pt\/brevemente\/wp-json\/wp\/v2\/comments?post=1980"}],"version-history":[{"count":1,"href":"https:\/\/www.atelierdocaractere.pt\/brevemente\/wp-json\/wp\/v2\/posts\/1980\/revisions"}],"predecessor-version":[{"id":7029,"href":"https:\/\/www.atelierdocaractere.pt\/brevemente\/wp-json\/wp\/v2\/posts\/1980\/revisions\/7029"}],"wp:featuredmedia":[{"embeddable":true,"href":"https:\/\/www.atelierdocaractere.pt\/brevemente\/wp-json\/wp\/v2\/media\/2825"}],"wp:attachment":[{"href":"https:\/\/www.atelierdocaractere.pt\/brevemente\/wp-json\/wp\/v2\/media?parent=1980"}],"wp:term":[{"taxonomy":"category","embeddable":true,"href":"https:\/\/www.atelierdocaractere.pt\/brevemente\/wp-json\/wp\/v2\/categories?post=1980"},{"taxonomy":"post_tag","embeddable":true,"href":"https:\/\/www.atelierdocaractere.pt\/brevemente\/wp-json\/wp\/v2\/tags?post=1980"}],"curies":[{"name":"wp","href":"https:\/\/api.w.org\/{rel}","templated":true}]}}