{"id":2612,"date":"2017-03-11T21:50:38","date_gmt":"2017-03-11T21:50:38","guid":{"rendered":"http:\/\/www.atelierdocaractere.pt\/?p=2612"},"modified":"2019-06-12T16:32:45","modified_gmt":"2019-06-12T16:32:45","slug":"portuguesa-petrotec-sera-uma-das-estrelas-da-motortec-automechanika-madrid-2019","status":"publish","type":"post","link":"https:\/\/www.atelierdocaractere.pt\/brevemente\/portuguesa-petrotec-sera-uma-das-estrelas-da-motortec-automechanika-madrid-2019\/","title":{"rendered":"Portuguesa Petrotec ser\u00e1 uma das \u201cestrelas\u201d da Motortec Automechanika Madrid 2019"},"content":{"rendered":"\n<figure class=\"wp-block-image is-resized\"><img decoding=\"async\" src=\"http:\/\/www.atelierdocaractere.pt\/wp-content\/uploads\/2019\/06\/Portuguesa-Petrotec-sera\u0301-uma-das-\u201cestrelas\u201d-da-Motortec-Automechanika-Madrid-2019-856x1024.jpg\" alt=\"\" class=\"wp-image-2613\" width=\"642\" height=\"768\" srcset=\"https:\/\/www.atelierdocaractere.pt\/wp-content\/uploads\/2019\/06\/Portuguesa-Petrotec-sera\u0301-uma-das-\u201cestrelas\u201d-da-Motortec-Automechanika-Madrid-2019.jpg 856w, https:\/\/www.atelierdocaractere.pt\/wp-content\/uploads\/2019\/06\/Portuguesa-Petrotec-sera\u0301-uma-das-\u201cestrelas\u201d-da-Motortec-Automechanika-Madrid-2019-251x300.jpg 251w, https:\/\/www.atelierdocaractere.pt\/wp-content\/uploads\/2019\/06\/Portuguesa-Petrotec-sera\u0301-uma-das-\u201cestrelas\u201d-da-Motortec-Automechanika-Madrid-2019-768x919.jpg 768w\" sizes=\"(max-width: 642px) 100vw, 642px\" \/><figcaption>Estreia mundial do novo Sistema de Gest\u00e3o de Frotas Fleet-X<\/figcaption><\/figure>\n\n\n\n<p><\/p>\n\n\n\n<h2 class=\"wp-block-heading\"><\/h2>\n\n\n\n<p>A marca portuguesa Petrotec estar\u00e1 em destaque na Motortec Automechanika Madrid 2019, um evento internacional de refer\u00eancia para a Ind\u00fastria autom\u00f3vel e servi\u00e7os associados, que arranca j\u00e1 na pr\u00f3xima quarta-feira, dia 13 de mar\u00e7o.<\/p>\n\n\n\n<p>A multinacional sediada em Guimar\u00e3es (um dos cinco maiores fabricantes mundiais, com tecnologia 100% pr\u00f3pria, de equipamentos para as \u00e1reas de distribui\u00e7\u00e3o e retalho da ind\u00fastria petrol\u00edfera \u2013 e o \u00fanico em solu\u00e7\u00f5es globais!) vai apresentar as suas mais recentes propostas, com destaque para a revela\u00e7\u00e3o mundial do novo Sistema de Gest\u00e3o de Frotas: o prot\u00f3tipo Fleet-X.<\/p>\n\n\n\n<p>Uma solu\u00e7\u00e3o que integra, em tempo real, toda a informa\u00e7\u00e3o e mecanismos necess\u00e1rios \u00e0 gest\u00e3o de frotas de qualquer dimens\u00e3o, podendo ser acedida a todo o momento, via smartphone. Ou seja, um novo paradigma de conveni\u00eancia e, por isso mesmo, uma importante ferramenta de apoio \u00e0 gest\u00e3o e um recurso decisivo \u00e0 efici\u00eancia operacional.<\/p>\n\n\n\n<p>O novo Sistema de Gest\u00e3o de Frotas Fleet-X partilha o ADN com o inovador prot\u00f3tipo de bomba de combust\u00edvel X-Series, que ser\u00e1 igualmente apresentado em Madrid, naquela que ser\u00e1 a sua primeira mostra a n\u00edvel Ib\u00e9rico. Este conceito \u00e9 a vis\u00e3o da Petrotec sobre o que ser\u00e1 a experi\u00eancia dos consumidores nas esta\u00e7\u00f5es de servi\u00e7o do futuro, privilegiando o enfoque na conveni\u00eancia, interatividade e oferta alargada de servi\u00e7os.<\/p>\n\n\n\n<p>Num evento que antecipa as novas exig\u00eancias decorrentes da altera\u00e7\u00e3o do paradigma da mobilidade, da propriedade autom\u00f3vel e das fontes de energia, a Petrotec ter\u00e1, igualmente, em destaque os sistemas de pagamento, automa\u00e7\u00e3o e gest\u00e3o de esta\u00e7\u00f5es de servi\u00e7o, bem como as solu\u00e7\u00f5es da Hellonext, a marca Petrotec orientada para a mobilidade el\u00e9trica.<\/p>\n\n\n\n<p>A 15\u00aa edi\u00e7\u00e3o da Motortec Automechanika Madrid 2019, Feira Internacional L\u00edder na Ind\u00fastria Autom\u00f3vel em Espanha, realiza-se entre os dias 13 e 16 de mar\u00e7o, apresentando produtos e servi\u00e7os de 1300 marcas, a mais de 60.000 visitantes, oriundos de 90 pa\u00edses.<\/p>\n\n\n\n<h3 class=\"wp-block-heading\"><strong>Sobre a Petrotec<\/strong><\/h3>\n\n\n\n<p>O Grupo Petrotec \u00e9 uma refer\u00eancia mundial \u2013 e l\u00edder europeu! \u2013 em produ\u00e7\u00e3o de tecnologia e servi\u00e7os para a ind\u00fastria petrol\u00edfera. Sediado em Guimar\u00e3es, com capital 100% portugu\u00eas, e filiais em cinco continentes, o Grupo conta j\u00e1 com mais de 1100 colaboradores a n\u00edvel global e vendas em mais de 80 pa\u00edses.<\/p>\n\n\n\n<p><\/p>\n","protected":false},"excerpt":{"rendered":"<p>A marca portuguesa Petrotec estar\u00e1 em destaque na Motortec Automechanika Madrid 2019, um evento internacional de refer\u00eancia para a Ind\u00fastria&#8230;<\/p>\n","protected":false},"author":2,"featured_media":2664,"comment_status":"closed","ping_status":"open","sticky":false,"template":"","format":"standard","meta":[],"categories":[33,29],"tags":[],"yoast_head":"<!-- This site is optimized with the Yoast SEO plugin v20.12 - https:\/\/yoast.com\/wordpress\/plugins\/seo\/ -->\n<title>Portuguesa Petrotec ser\u00e1 uma das \u201cestrelas\u201d da Motortec Automechanika Madrid 2019 - Atelier do Caractere<\/title>\n<meta name=\"robots\" content=\"index, follow, max-snippet:-1, max-image-preview:large, max-video-preview:-1\" \/>\n<link rel=\"canonical\" href=\"https:\/\/www.atelierdocaractere.pt\/brevemente\/portuguesa-petrotec-sera-uma-das-estrelas-da-motortec-automechanika-madrid-2019\/\" \/>\n<meta property=\"og:locale\" content=\"pt_PT\" \/>\n<meta property=\"og:type\" content=\"article\" \/>\n<meta property=\"og:title\" content=\"Portuguesa Petrotec ser\u00e1 uma das \u201cestrelas\u201d da Motortec Automechanika Madrid 2019 - Atelier do Caractere\" \/>\n<meta property=\"og:description\" content=\"A marca portuguesa Petrotec estar\u00e1 em destaque na Motortec Automechanika Madrid 2019, um evento internacional de refer\u00eancia para a Ind\u00fastria...\" \/>\n<meta property=\"og:url\" content=\"https:\/\/www.atelierdocaractere.pt\/brevemente\/portuguesa-petrotec-sera-uma-das-estrelas-da-motortec-automechanika-madrid-2019\/\" \/>\n<meta property=\"og:site_name\" content=\"Atelier do Caractere\" \/>\n<meta property=\"article:publisher\" content=\"https:\/\/www.facebook.com\/AtelierdoCaractere\" \/>\n<meta property=\"article:published_time\" content=\"2017-03-11T21:50:38+00:00\" \/>\n<meta property=\"article:modified_time\" content=\"2019-06-12T16:32:45+00:00\" \/>\n<meta property=\"og:image\" content=\"https:\/\/www.atelierdocaractere.pt\/wp-content\/uploads\/2019\/06\/Portuguesa-Petrotec-sera\u0301-uma-das-\u201cestrelas\u201d-da-Motortec-Automechanika-Madrid-2019-detaque.jpg\" \/>\n\t<meta property=\"og:image:width\" content=\"856\" \/>\n\t<meta property=\"og:image:height\" content=\"549\" \/>\n\t<meta property=\"og:image:type\" content=\"image\/jpeg\" \/>\n<meta name=\"author\" content=\"editor@atelierdocaractere\" \/>\n<meta name=\"twitter:card\" content=\"summary_large_image\" \/>\n<meta name=\"twitter:label1\" content=\"Escrito por\" \/>\n\t<meta name=\"twitter:data1\" content=\"editor@atelierdocaractere\" \/>\n\t<meta name=\"twitter:label2\" content=\"Tempo estimado de leitura\" \/>\n\t<meta name=\"twitter:data2\" content=\"2 minutos\" \/>\n<script type=\"application\/ld+json\" class=\"yoast-schema-graph\">{\"@context\":\"https:\/\/schema.org\",\"@graph\":[{\"@type\":\"WebPage\",\"@id\":\"https:\/\/www.atelierdocaractere.pt\/brevemente\/portuguesa-petrotec-sera-uma-das-estrelas-da-motortec-automechanika-madrid-2019\/\",\"url\":\"https:\/\/www.atelierdocaractere.pt\/brevemente\/portuguesa-petrotec-sera-uma-das-estrelas-da-motortec-automechanika-madrid-2019\/\",\"name\":\"Portuguesa Petrotec ser\u00e1 uma das \u201cestrelas\u201d da Motortec Automechanika Madrid 2019 - Atelier do Caractere\",\"isPartOf\":{\"@id\":\"https:\/\/www.atelierdocaractere.pt\/brevemente\/#website\"},\"datePublished\":\"2017-03-11T21:50:38+00:00\",\"dateModified\":\"2019-06-12T16:32:45+00:00\",\"author\":{\"@id\":\"https:\/\/www.atelierdocaractere.pt\/brevemente\/#\/schema\/person\/9cbfe9364f1f340a0e67c62563053c6e\"},\"breadcrumb\":{\"@id\":\"https:\/\/www.atelierdocaractere.pt\/brevemente\/portuguesa-petrotec-sera-uma-das-estrelas-da-motortec-automechanika-madrid-2019\/#breadcrumb\"},\"inLanguage\":\"pt-PT\",\"potentialAction\":[{\"@type\":\"ReadAction\",\"target\":[\"https:\/\/www.atelierdocaractere.pt\/brevemente\/portuguesa-petrotec-sera-uma-das-estrelas-da-motortec-automechanika-madrid-2019\/\"]}]},{\"@type\":\"BreadcrumbList\",\"@id\":\"https:\/\/www.atelierdocaractere.pt\/brevemente\/portuguesa-petrotec-sera-uma-das-estrelas-da-motortec-automechanika-madrid-2019\/#breadcrumb\",\"itemListElement\":[{\"@type\":\"ListItem\",\"position\":1,\"name\":\"In\u00edcio\",\"item\":\"https:\/\/www.atelierdocaractere.pt\/brevemente\/\"},{\"@type\":\"ListItem\",\"position\":2,\"name\":\"Portuguesa Petrotec ser\u00e1 uma das \u201cestrelas\u201d da Motortec Automechanika Madrid 2019\"}]},{\"@type\":\"WebSite\",\"@id\":\"https:\/\/www.atelierdocaractere.pt\/brevemente\/#website\",\"url\":\"https:\/\/www.atelierdocaractere.pt\/brevemente\/\",\"name\":\"Atelier do Caractere\",\"description\":\"\",\"potentialAction\":[{\"@type\":\"SearchAction\",\"target\":{\"@type\":\"EntryPoint\",\"urlTemplate\":\"https:\/\/www.atelierdocaractere.pt\/brevemente\/?s={search_term_string}\"},\"query-input\":\"required name=search_term_string\"}],\"inLanguage\":\"pt-PT\"},{\"@type\":\"Person\",\"@id\":\"https:\/\/www.atelierdocaractere.pt\/brevemente\/#\/schema\/person\/9cbfe9364f1f340a0e67c62563053c6e\",\"name\":\"editor@atelierdocaractere\",\"image\":{\"@type\":\"ImageObject\",\"inLanguage\":\"pt-PT\",\"@id\":\"https:\/\/www.atelierdocaractere.pt\/brevemente\/#\/schema\/person\/image\/\",\"url\":\"https:\/\/secure.gravatar.com\/avatar\/0fbdb8811d6ce6feb06d4d626953d952?s=96&d=mm&r=g\",\"contentUrl\":\"https:\/\/secure.gravatar.com\/avatar\/0fbdb8811d6ce6feb06d4d626953d952?s=96&d=mm&r=g\",\"caption\":\"editor@atelierdocaractere\"},\"url\":\"https:\/\/www.atelierdocaractere.pt\/brevemente\/author\/editoratelierdocaractere\/\"}]}<\/script>\n<!-- \/ Yoast SEO plugin. -->","yoast_head_json":{"title":"Portuguesa Petrotec ser\u00e1 uma das \u201cestrelas\u201d da Motortec Automechanika Madrid 2019 - Atelier do Caractere","robots":{"index":"index","follow":"follow","max-snippet":"max-snippet:-1","max-image-preview":"max-image-preview:large","max-video-preview":"max-video-preview:-1"},"canonical":"https:\/\/www.atelierdocaractere.pt\/brevemente\/portuguesa-petrotec-sera-uma-das-estrelas-da-motortec-automechanika-madrid-2019\/","og_locale":"pt_PT","og_type":"article","og_title":"Portuguesa Petrotec ser\u00e1 uma das \u201cestrelas\u201d da Motortec Automechanika Madrid 2019 - Atelier do Caractere","og_description":"A marca portuguesa Petrotec estar\u00e1 em destaque na Motortec Automechanika Madrid 2019, um evento internacional de refer\u00eancia para a Ind\u00fastria...","og_url":"https:\/\/www.atelierdocaractere.pt\/brevemente\/portuguesa-petrotec-sera-uma-das-estrelas-da-motortec-automechanika-madrid-2019\/","og_site_name":"Atelier do Caractere","article_publisher":"https:\/\/www.facebook.com\/AtelierdoCaractere","article_published_time":"2017-03-11T21:50:38+00:00","article_modified_time":"2019-06-12T16:32:45+00:00","og_image":[{"width":856,"height":549,"url":"https:\/\/www.atelierdocaractere.pt\/wp-content\/uploads\/2019\/06\/Portuguesa-Petrotec-sera\u0301-uma-das-\u201cestrelas\u201d-da-Motortec-Automechanika-Madrid-2019-detaque.jpg","type":"image\/jpeg"}],"author":"editor@atelierdocaractere","twitter_card":"summary_large_image","twitter_misc":{"Escrito por":"editor@atelierdocaractere","Tempo estimado de leitura":"2 minutos"},"schema":{"@context":"https:\/\/schema.org","@graph":[{"@type":"WebPage","@id":"https:\/\/www.atelierdocaractere.pt\/brevemente\/portuguesa-petrotec-sera-uma-das-estrelas-da-motortec-automechanika-madrid-2019\/","url":"https:\/\/www.atelierdocaractere.pt\/brevemente\/portuguesa-petrotec-sera-uma-das-estrelas-da-motortec-automechanika-madrid-2019\/","name":"Portuguesa Petrotec ser\u00e1 uma das \u201cestrelas\u201d da Motortec Automechanika Madrid 2019 - Atelier do Caractere","isPartOf":{"@id":"https:\/\/www.atelierdocaractere.pt\/brevemente\/#website"},"datePublished":"2017-03-11T21:50:38+00:00","dateModified":"2019-06-12T16:32:45+00:00","author":{"@id":"https:\/\/www.atelierdocaractere.pt\/brevemente\/#\/schema\/person\/9cbfe9364f1f340a0e67c62563053c6e"},"breadcrumb":{"@id":"https:\/\/www.atelierdocaractere.pt\/brevemente\/portuguesa-petrotec-sera-uma-das-estrelas-da-motortec-automechanika-madrid-2019\/#breadcrumb"},"inLanguage":"pt-PT","potentialAction":[{"@type":"ReadAction","target":["https:\/\/www.atelierdocaractere.pt\/brevemente\/portuguesa-petrotec-sera-uma-das-estrelas-da-motortec-automechanika-madrid-2019\/"]}]},{"@type":"BreadcrumbList","@id":"https:\/\/www.atelierdocaractere.pt\/brevemente\/portuguesa-petrotec-sera-uma-das-estrelas-da-motortec-automechanika-madrid-2019\/#breadcrumb","itemListElement":[{"@type":"ListItem","position":1,"name":"In\u00edcio","item":"https:\/\/www.atelierdocaractere.pt\/brevemente\/"},{"@type":"ListItem","position":2,"name":"Portuguesa Petrotec ser\u00e1 uma das \u201cestrelas\u201d da Motortec Automechanika Madrid 2019"}]},{"@type":"WebSite","@id":"https:\/\/www.atelierdocaractere.pt\/brevemente\/#website","url":"https:\/\/www.atelierdocaractere.pt\/brevemente\/","name":"Atelier do Caractere","description":"","potentialAction":[{"@type":"SearchAction","target":{"@type":"EntryPoint","urlTemplate":"https:\/\/www.atelierdocaractere.pt\/brevemente\/?s={search_term_string}"},"query-input":"required name=search_term_string"}],"inLanguage":"pt-PT"},{"@type":"Person","@id":"https:\/\/www.atelierdocaractere.pt\/brevemente\/#\/schema\/person\/9cbfe9364f1f340a0e67c62563053c6e","name":"editor@atelierdocaractere","image":{"@type":"ImageObject","inLanguage":"pt-PT","@id":"https:\/\/www.atelierdocaractere.pt\/brevemente\/#\/schema\/person\/image\/","url":"https:\/\/secure.gravatar.com\/avatar\/0fbdb8811d6ce6feb06d4d626953d952?s=96&d=mm&r=g","contentUrl":"https:\/\/secure.gravatar.com\/avatar\/0fbdb8811d6ce6feb06d4d626953d952?s=96&d=mm&r=g","caption":"editor@atelierdocaractere"},"url":"https:\/\/www.atelierdocaractere.pt\/brevemente\/author\/editoratelierdocaractere\/"}]}},"_links":{"self":[{"href":"https:\/\/www.atelierdocaractere.pt\/brevemente\/wp-json\/wp\/v2\/posts\/2612"}],"collection":[{"href":"https:\/\/www.atelierdocaractere.pt\/brevemente\/wp-json\/wp\/v2\/posts"}],"about":[{"href":"https:\/\/www.atelierdocaractere.pt\/brevemente\/wp-json\/wp\/v2\/types\/post"}],"author":[{"embeddable":true,"href":"https:\/\/www.atelierdocaractere.pt\/brevemente\/wp-json\/wp\/v2\/users\/2"}],"replies":[{"embeddable":true,"href":"https:\/\/www.atelierdocaractere.pt\/brevemente\/wp-json\/wp\/v2\/comments?post=2612"}],"version-history":[{"count":4,"href":"https:\/\/www.atelierdocaractere.pt\/brevemente\/wp-json\/wp\/v2\/posts\/2612\/revisions"}],"predecessor-version":[{"id":2624,"href":"https:\/\/www.atelierdocaractere.pt\/brevemente\/wp-json\/wp\/v2\/posts\/2612\/revisions\/2624"}],"wp:featuredmedia":[{"embeddable":true,"href":"https:\/\/www.atelierdocaractere.pt\/brevemente\/wp-json\/wp\/v2\/media\/2664"}],"wp:attachment":[{"href":"https:\/\/www.atelierdocaractere.pt\/brevemente\/wp-json\/wp\/v2\/media?parent=2612"}],"wp:term":[{"taxonomy":"category","embeddable":true,"href":"https:\/\/www.atelierdocaractere.pt\/brevemente\/wp-json\/wp\/v2\/categories?post=2612"},{"taxonomy":"post_tag","embeddable":true,"href":"https:\/\/www.atelierdocaractere.pt\/brevemente\/wp-json\/wp\/v2\/tags?post=2612"}],"curies":[{"name":"wp","href":"https:\/\/api.w.org\/{rel}","templated":true}]}}