{"id":3332,"date":"2014-07-29T15:44:54","date_gmt":"2014-07-29T15:44:54","guid":{"rendered":"http:\/\/www.atelierdocaractere.pt\/?p=3332"},"modified":"2014-07-29T15:44:54","modified_gmt":"2014-07-29T15:44:54","slug":"renault-captur-helly-hansen-ao-ritmo-da-aventura","status":"publish","type":"post","link":"https:\/\/www.atelierdocaractere.pt\/brevemente\/renault-captur-helly-hansen-ao-ritmo-da-aventura\/","title":{"rendered":"RENAULT CAPTUR HELLY HANSEN: AO RITMO DA AVENTURA"},"content":{"rendered":"<p><strong>Evas\u00e3o urbana ou evas\u00e3o at\u00e9 por trilhos mais inexplorados? Com o Renault Captur Helly Hansen, a escolha \u00e9 sua! Na realidade, n\u00e3o \u00e9 apenas pela designa\u00e7\u00e3o que esta s\u00e9rie limitada apela \u00e0 aventura. O sistema de controlo de trac\u00e7\u00e3o Extended Grip e os pneus \u201cmud and snow\u201d fazem parte do equipamento de s\u00e9rie, a par de outras especificidades, como a nova cor Vermelho Flamme. Um crossover ainda mais exclusivo e apelativo, que j\u00e1 est\u00e1 a ser comercializado na Rede de Concession\u00e1rios a partir de 19.860\u20ac.<\/strong><\/p>\n<p><strong>\u00a0<\/strong>N\u00e3o foi o primeiro a chegar ao mercado, mas, em pouco mais de um ano, o Renault Captur est\u00e1 a escassas unidades de ser o crossover mais vendido em Portugal, enquanto no segmento B \u00e9 \u201cs\u00f3\u201d respons\u00e1vel por mais de metade das vendas! Um sucesso no pa\u00eds, mas tamb\u00e9m na Europa, que facilmente se explica pelo estilo e personalidade \u00fanicas, pelo sentido pr\u00e1tico, pelos motores econ\u00f3micos e pelos pre\u00e7os competitivos.<\/p>\n<p>Mas apesar de ter conseguido agradar a uma faixa de clientes bastante heterog\u00e9nea, com a s\u00e9rie limitada Captur Helly Hansen, o modelo da Renault tem tudo para seduzir a, cada vez mais numerosa, grande minoria adepta de desportos de natureza.<\/p>\n<p>Se os 200 mm de dist\u00e2ncia ao solo (uma medida que quase o catapulta para o universo dos SUV e dos 4&#215;4) j\u00e1 permitiam ao Renault Captur aventurar-se por trilhos mais in\u00f3spitos, com os pneus \u201cmud and snow\u201d desenvolvidos para enfrentar pisos com lama e neve e a introdu\u00e7\u00e3o do avan\u00e7ado sistema de controlo de trac\u00e7\u00e3o Extended Grip estreado no Sc\u00e9nic XMOD, a vers\u00e3o Helly Hansen surpreende pela capacidade de superar dificuldades em fora de estrada, nomeadamente quando a aus\u00eancia de trac\u00e7\u00e3o \u00e9 mais cr\u00edtica.<\/p>\n<p>Com a activa\u00e7\u00e3o manual do comando Extended Grip colocado junto \u00e0 manete da caixa de velocidades, o condutor pode escolher tr\u00eas diferentes modos de assist\u00eancia:<\/p>\n<ul>\n<li>No modo <strong>\u00abExpert\u00bb<\/strong>, o dispositivo faz a gest\u00e3o do sistema de travagem, deixando ao condutor a gest\u00e3o total do controle do bin\u00e1rio do motor.<\/li>\n<li>O modo <strong>\u00abEstrada\u00bb<\/strong> corresponde \u00e0s regula\u00e7\u00f5es cl\u00e1ssicas de um sistema anti-patinagem e liga-se automaticamente quando a velocidade atinge os 40km\/h.<\/li>\n<li>O modo <strong>\u00abFora de estrada\/solo escorregadio\u00bb<\/strong> optimiza os controlos dos trav\u00f5es e do bin\u00e1rio do motor, em fun\u00e7\u00e3o das condi\u00e7\u00f5es de ader\u00eancia.<\/li>\n<\/ul>\n<p>Ou seja, a s\u00e9rie limitada Renault Captur Helly Hansen est\u00e1 completamente de acordo com o esp\u00edrito da prestigiada marca Norueguesa de equipamentos para actividades de natureza. Uma parceria que \u00e9 imediatamente reconhecida pela assinatura junto aos retrovisores exteriores, mas tamb\u00e9m nas soleiras das portas e tapetes.A nova cor Vermelho Flamme \u00e9 outra das novidades do Renault Captur Helly Hansen, que s\u00f3 est\u00e1 dispon\u00edvel com carro\u00e7aria bi-tom. Ainda no exterior, destaque para os p\u00e1ra-choques espec\u00edficos, as jantes em liga leve de 17 polegadas, os vidros sobreescurecidos, o sistema de ajuda ao estacionamento traseiro e os espelhos retrovisores exteriores rebat\u00edveis electricamente.<\/p>\n<p>No habit\u00e1culo, para al\u00e9m da curiosa e pr\u00e1tica gaveta \u201cEasy Life\u201d (que substitui o vulgar porta-luvas), esta s\u00e9rie limitada integra <strong>como equipamento de s\u00e9rie<\/strong> o ar condicionado autom\u00e1tico, o sistema multim\u00e9dia R-Link, os estofos em tecido TEP, o sistema de controlo da press\u00e3o dos pneus, o apoio de bra\u00e7o entre os bancos dianteiros, entre outros itens.<\/p>\n<p><strong>Motores econ\u00f3micos e tamb\u00e9m\u2026 tecnol\u00f3gicos!<\/strong><\/p>\n<p>O novo motor Energy 1.5 dCi 90 incorpora o conjunto de novas tecnologias da fam\u00edlia Energy (sistema Stop &amp; Start, EGR de baixa press\u00e3o e gest\u00e3o t\u00e9rmica, etc\u2026) que contribuem para os consumos de <strong>3,8 l \/ 100 km (em ciclo misto)<\/strong> e emiss\u00f5es de CO<sub>2<\/sub> de 99 g\/km. Valores recorde no segmento, num bloco com 90 cavalos e com um bin\u00e1rio de 220 Nm dispon\u00edvel a partir das 1.750 rpm.<\/p>\n<p>Quanto ao Energy TCe 90, trata-se de um revolucion\u00e1rio motor a gasolina de tr\u00eas cilindros turbo, de 899 cm<sup>3<\/sup> de cilindrada, tamb\u00e9m equipado com o sistema Stop &amp; Start, que possui as mesmas performances de um bloco atmosf\u00e9rico de 1.4 litros. Com um turbo de baixa in\u00e9rcia, debita 90 cavalos e 135Nm de bin\u00e1rio \u00e0s 2.000 rpm. N\u00fameros que impressionam, at\u00e9 pelo facto de 90% do bin\u00e1rio estar dispon\u00edvel entre as 1.650 e as 5.000 rpm. Ou seja, a par de um elevado prazer de condu\u00e7\u00e3o, o Captur Energy TCe 90, reivindica (tamb\u00e9m) consumos recorde de <strong>5,2 l \/ 100km (ciclo misto)<\/strong> e emiss\u00f5es de CO<sub>2<\/sub> de 120 g\/km.<\/p>\n<p><strong>A qualidade e a seguran\u00e7a nos genes<\/strong><\/p>\n<p>O Renault Captur possui todos os standards da Renault: um autom\u00f3vel com um pre\u00e7o acess\u00edvel e com um n\u00edvel de qualidade de refer\u00eancia, sem nada a invejar em rela\u00e7\u00e3o a autom\u00f3veis de segmentos superiores ou mais onerosos. O Captur oferece n\u00edveis de conforto, comportamento din\u00e2mico, maneabilidade e ac\u00fasticos sem paralelo. Sublinhe-se que o chassis foi alvo de afina\u00e7\u00f5es espec\u00edficas tendo em conta o centro de gravidade mais alto. <strong>J\u00e1 dispon\u00edvel em Portugal<\/strong>Quanto a pre\u00e7os, a s\u00e9rie limitada Renault Captur Helly Hansen j\u00e1 est\u00e1 dispon\u00edvel na Rede de Concession\u00e1rios a partir de 19.860\u20ac. A exemplo da restante gama Renault, o Captur \u00e9 abrangido pelos 5 anos de Garantia Renault.<\/p>\n<h2><\/h2>\n<p>&nbsp;<\/p>\n","protected":false},"excerpt":{"rendered":"<p>Evas\u00e3o urbana ou evas\u00e3o at\u00e9 por trilhos mais inexplorados? Com o Renault Captur Helly Hansen, a escolha \u00e9 sua! Na&#8230;<\/p>\n","protected":false},"author":2,"featured_media":3333,"comment_status":"closed","ping_status":"closed","sticky":false,"template":"","format":"standard","meta":[],"categories":[28],"tags":[81,100,101,102,85,103,87],"yoast_head":"<!-- This site is optimized with the Yoast SEO plugin v20.12 - https:\/\/yoast.com\/wordpress\/plugins\/seo\/ -->\n<title>RENAULT CAPTUR HELLY HANSEN: AO RITMO DA AVENTURA - Atelier do Caractere<\/title>\n<meta name=\"robots\" content=\"index, follow, max-snippet:-1, max-image-preview:large, max-video-preview:-1\" \/>\n<link rel=\"canonical\" href=\"https:\/\/www.atelierdocaractere.pt\/brevemente\/renault-captur-helly-hansen-ao-ritmo-da-aventura\/\" \/>\n<meta property=\"og:locale\" content=\"pt_PT\" \/>\n<meta property=\"og:type\" content=\"article\" \/>\n<meta property=\"og:title\" content=\"RENAULT CAPTUR HELLY HANSEN: AO RITMO DA AVENTURA - Atelier do Caractere\" \/>\n<meta property=\"og:description\" content=\"Evas\u00e3o urbana ou evas\u00e3o at\u00e9 por trilhos mais inexplorados? Com o Renault Captur Helly Hansen, a escolha \u00e9 sua! Na...\" \/>\n<meta property=\"og:url\" content=\"https:\/\/www.atelierdocaractere.pt\/brevemente\/renault-captur-helly-hansen-ao-ritmo-da-aventura\/\" \/>\n<meta property=\"og:site_name\" content=\"Atelier do Caractere\" \/>\n<meta property=\"article:publisher\" content=\"https:\/\/www.facebook.com\/AtelierdoCaractere\" \/>\n<meta property=\"article:published_time\" content=\"2014-07-29T15:44:54+00:00\" \/>\n<meta property=\"og:image\" content=\"https:\/\/www.atelierdocaractere.pt\/wp-content\/uploads\/2014\/07\/Renault-Captur-Helly-Hansen.jpg\" \/>\n\t<meta property=\"og:image:width\" content=\"2200\" \/>\n\t<meta property=\"og:image:height\" content=\"2064\" \/>\n\t<meta property=\"og:image:type\" content=\"image\/jpeg\" \/>\n<meta name=\"author\" content=\"editor@atelierdocaractere\" \/>\n<meta name=\"twitter:card\" content=\"summary_large_image\" \/>\n<meta name=\"twitter:label1\" content=\"Escrito por\" \/>\n\t<meta name=\"twitter:data1\" content=\"editor@atelierdocaractere\" \/>\n\t<meta name=\"twitter:label2\" content=\"Tempo estimado de leitura\" \/>\n\t<meta name=\"twitter:data2\" content=\"4 minutos\" \/>\n<script type=\"application\/ld+json\" class=\"yoast-schema-graph\">{\"@context\":\"https:\/\/schema.org\",\"@graph\":[{\"@type\":\"WebPage\",\"@id\":\"https:\/\/www.atelierdocaractere.pt\/brevemente\/renault-captur-helly-hansen-ao-ritmo-da-aventura\/\",\"url\":\"https:\/\/www.atelierdocaractere.pt\/brevemente\/renault-captur-helly-hansen-ao-ritmo-da-aventura\/\",\"name\":\"RENAULT CAPTUR HELLY HANSEN: AO RITMO DA AVENTURA - Atelier do Caractere\",\"isPartOf\":{\"@id\":\"https:\/\/www.atelierdocaractere.pt\/brevemente\/#website\"},\"datePublished\":\"2014-07-29T15:44:54+00:00\",\"dateModified\":\"2014-07-29T15:44:54+00:00\",\"author\":{\"@id\":\"https:\/\/www.atelierdocaractere.pt\/brevemente\/#\/schema\/person\/9cbfe9364f1f340a0e67c62563053c6e\"},\"breadcrumb\":{\"@id\":\"https:\/\/www.atelierdocaractere.pt\/brevemente\/renault-captur-helly-hansen-ao-ritmo-da-aventura\/#breadcrumb\"},\"inLanguage\":\"pt-PT\",\"potentialAction\":[{\"@type\":\"ReadAction\",\"target\":[\"https:\/\/www.atelierdocaractere.pt\/brevemente\/renault-captur-helly-hansen-ao-ritmo-da-aventura\/\"]}]},{\"@type\":\"BreadcrumbList\",\"@id\":\"https:\/\/www.atelierdocaractere.pt\/brevemente\/renault-captur-helly-hansen-ao-ritmo-da-aventura\/#breadcrumb\",\"itemListElement\":[{\"@type\":\"ListItem\",\"position\":1,\"name\":\"In\u00edcio\",\"item\":\"https:\/\/www.atelierdocaractere.pt\/brevemente\/\"},{\"@type\":\"ListItem\",\"position\":2,\"name\":\"RENAULT CAPTUR HELLY HANSEN: AO RITMO DA AVENTURA\"}]},{\"@type\":\"WebSite\",\"@id\":\"https:\/\/www.atelierdocaractere.pt\/brevemente\/#website\",\"url\":\"https:\/\/www.atelierdocaractere.pt\/brevemente\/\",\"name\":\"Atelier do Caractere\",\"description\":\"\",\"potentialAction\":[{\"@type\":\"SearchAction\",\"target\":{\"@type\":\"EntryPoint\",\"urlTemplate\":\"https:\/\/www.atelierdocaractere.pt\/brevemente\/?s={search_term_string}\"},\"query-input\":\"required name=search_term_string\"}],\"inLanguage\":\"pt-PT\"},{\"@type\":\"Person\",\"@id\":\"https:\/\/www.atelierdocaractere.pt\/brevemente\/#\/schema\/person\/9cbfe9364f1f340a0e67c62563053c6e\",\"name\":\"editor@atelierdocaractere\",\"image\":{\"@type\":\"ImageObject\",\"inLanguage\":\"pt-PT\",\"@id\":\"https:\/\/www.atelierdocaractere.pt\/brevemente\/#\/schema\/person\/image\/\",\"url\":\"https:\/\/secure.gravatar.com\/avatar\/0fbdb8811d6ce6feb06d4d626953d952?s=96&d=mm&r=g\",\"contentUrl\":\"https:\/\/secure.gravatar.com\/avatar\/0fbdb8811d6ce6feb06d4d626953d952?s=96&d=mm&r=g\",\"caption\":\"editor@atelierdocaractere\"},\"url\":\"https:\/\/www.atelierdocaractere.pt\/brevemente\/author\/editoratelierdocaractere\/\"}]}<\/script>\n<!-- \/ Yoast SEO plugin. -->","yoast_head_json":{"title":"RENAULT CAPTUR HELLY HANSEN: AO RITMO DA AVENTURA - Atelier do Caractere","robots":{"index":"index","follow":"follow","max-snippet":"max-snippet:-1","max-image-preview":"max-image-preview:large","max-video-preview":"max-video-preview:-1"},"canonical":"https:\/\/www.atelierdocaractere.pt\/brevemente\/renault-captur-helly-hansen-ao-ritmo-da-aventura\/","og_locale":"pt_PT","og_type":"article","og_title":"RENAULT CAPTUR HELLY HANSEN: AO RITMO DA AVENTURA - Atelier do Caractere","og_description":"Evas\u00e3o urbana ou evas\u00e3o at\u00e9 por trilhos mais inexplorados? Com o Renault Captur Helly Hansen, a escolha \u00e9 sua! Na...","og_url":"https:\/\/www.atelierdocaractere.pt\/brevemente\/renault-captur-helly-hansen-ao-ritmo-da-aventura\/","og_site_name":"Atelier do Caractere","article_publisher":"https:\/\/www.facebook.com\/AtelierdoCaractere","article_published_time":"2014-07-29T15:44:54+00:00","og_image":[{"width":2200,"height":2064,"url":"https:\/\/www.atelierdocaractere.pt\/wp-content\/uploads\/2014\/07\/Renault-Captur-Helly-Hansen.jpg","type":"image\/jpeg"}],"author":"editor@atelierdocaractere","twitter_card":"summary_large_image","twitter_misc":{"Escrito por":"editor@atelierdocaractere","Tempo estimado de leitura":"4 minutos"},"schema":{"@context":"https:\/\/schema.org","@graph":[{"@type":"WebPage","@id":"https:\/\/www.atelierdocaractere.pt\/brevemente\/renault-captur-helly-hansen-ao-ritmo-da-aventura\/","url":"https:\/\/www.atelierdocaractere.pt\/brevemente\/renault-captur-helly-hansen-ao-ritmo-da-aventura\/","name":"RENAULT CAPTUR HELLY HANSEN: AO RITMO DA AVENTURA - Atelier do Caractere","isPartOf":{"@id":"https:\/\/www.atelierdocaractere.pt\/brevemente\/#website"},"datePublished":"2014-07-29T15:44:54+00:00","dateModified":"2014-07-29T15:44:54+00:00","author":{"@id":"https:\/\/www.atelierdocaractere.pt\/brevemente\/#\/schema\/person\/9cbfe9364f1f340a0e67c62563053c6e"},"breadcrumb":{"@id":"https:\/\/www.atelierdocaractere.pt\/brevemente\/renault-captur-helly-hansen-ao-ritmo-da-aventura\/#breadcrumb"},"inLanguage":"pt-PT","potentialAction":[{"@type":"ReadAction","target":["https:\/\/www.atelierdocaractere.pt\/brevemente\/renault-captur-helly-hansen-ao-ritmo-da-aventura\/"]}]},{"@type":"BreadcrumbList","@id":"https:\/\/www.atelierdocaractere.pt\/brevemente\/renault-captur-helly-hansen-ao-ritmo-da-aventura\/#breadcrumb","itemListElement":[{"@type":"ListItem","position":1,"name":"In\u00edcio","item":"https:\/\/www.atelierdocaractere.pt\/brevemente\/"},{"@type":"ListItem","position":2,"name":"RENAULT CAPTUR HELLY HANSEN: AO RITMO DA AVENTURA"}]},{"@type":"WebSite","@id":"https:\/\/www.atelierdocaractere.pt\/brevemente\/#website","url":"https:\/\/www.atelierdocaractere.pt\/brevemente\/","name":"Atelier do Caractere","description":"","potentialAction":[{"@type":"SearchAction","target":{"@type":"EntryPoint","urlTemplate":"https:\/\/www.atelierdocaractere.pt\/brevemente\/?s={search_term_string}"},"query-input":"required name=search_term_string"}],"inLanguage":"pt-PT"},{"@type":"Person","@id":"https:\/\/www.atelierdocaractere.pt\/brevemente\/#\/schema\/person\/9cbfe9364f1f340a0e67c62563053c6e","name":"editor@atelierdocaractere","image":{"@type":"ImageObject","inLanguage":"pt-PT","@id":"https:\/\/www.atelierdocaractere.pt\/brevemente\/#\/schema\/person\/image\/","url":"https:\/\/secure.gravatar.com\/avatar\/0fbdb8811d6ce6feb06d4d626953d952?s=96&d=mm&r=g","contentUrl":"https:\/\/secure.gravatar.com\/avatar\/0fbdb8811d6ce6feb06d4d626953d952?s=96&d=mm&r=g","caption":"editor@atelierdocaractere"},"url":"https:\/\/www.atelierdocaractere.pt\/brevemente\/author\/editoratelierdocaractere\/"}]}},"_links":{"self":[{"href":"https:\/\/www.atelierdocaractere.pt\/brevemente\/wp-json\/wp\/v2\/posts\/3332"}],"collection":[{"href":"https:\/\/www.atelierdocaractere.pt\/brevemente\/wp-json\/wp\/v2\/posts"}],"about":[{"href":"https:\/\/www.atelierdocaractere.pt\/brevemente\/wp-json\/wp\/v2\/types\/post"}],"author":[{"embeddable":true,"href":"https:\/\/www.atelierdocaractere.pt\/brevemente\/wp-json\/wp\/v2\/users\/2"}],"replies":[{"embeddable":true,"href":"https:\/\/www.atelierdocaractere.pt\/brevemente\/wp-json\/wp\/v2\/comments?post=3332"}],"version-history":[{"count":0,"href":"https:\/\/www.atelierdocaractere.pt\/brevemente\/wp-json\/wp\/v2\/posts\/3332\/revisions"}],"wp:featuredmedia":[{"embeddable":true,"href":"https:\/\/www.atelierdocaractere.pt\/brevemente\/wp-json\/wp\/v2\/media\/3333"}],"wp:attachment":[{"href":"https:\/\/www.atelierdocaractere.pt\/brevemente\/wp-json\/wp\/v2\/media?parent=3332"}],"wp:term":[{"taxonomy":"category","embeddable":true,"href":"https:\/\/www.atelierdocaractere.pt\/brevemente\/wp-json\/wp\/v2\/categories?post=3332"},{"taxonomy":"post_tag","embeddable":true,"href":"https:\/\/www.atelierdocaractere.pt\/brevemente\/wp-json\/wp\/v2\/tags?post=3332"}],"curies":[{"name":"wp","href":"https:\/\/api.w.org\/{rel}","templated":true}]}}