{"id":3747,"date":"2015-05-01T16:20:28","date_gmt":"2015-05-01T15:20:28","guid":{"rendered":"http:\/\/www.atelierdocaractere.pt\/?p=3747"},"modified":"2015-05-01T16:20:28","modified_gmt":"2015-05-01T15:20:28","slug":"lisboa-pequim-lisboa-aventura-portuguesa-de-27-000-km-ja-esta-na-estrada","status":"publish","type":"post","link":"https:\/\/www.atelierdocaractere.pt\/brevemente\/lisboa-pequim-lisboa-aventura-portuguesa-de-27-000-km-ja-esta-na-estrada\/","title":{"rendered":"LISBOA-PEQUIM-LISBOA. AVENTURA PORTUGUESA DE 27.000 KM J\u00c1 EST\u00c1 NA ESTRADA"},"content":{"rendered":"<h3>\u00b7\u00a0Expedi\u00e7\u00e3o portuguesa \u00e0 China arrancou hoje do Padr\u00e3o dos Descobrimentos, em Lisboa<\/h3>\n<h3>\u00b7\u00a0Grupo de motards prop\u00f5e-se a atravessar 19 pa\u00edses e documentar a viagem atrav\u00e9s do trabalho do fotojornalista Pepe Brix<\/h3>\n<h3>\u00b7\u00a0Expedi\u00e7\u00e3o tem o apoio NovoDia Caf\u00e9s, marca que lan\u00e7a um objectivo\u00a0simb\u00f3lico: partilhar um caf\u00e9 NovoDia em cada um dos pa\u00edses\/mercados percorridos<\/h3>\n<h3><\/h3>\n<h4>Lisboa, 1 de Maio de 2015<\/h4>\n<p>A expedi\u00e7\u00e3o Lisboa-Pequim-Lisboa arrancou esta manh\u00e3 do Padr\u00e3o dos Descobrimentos, em Lisboa, e j\u00e1 est\u00e1 na estrada a cumprir os primeiros de 27.000 Kms que quatro aventureiros portugueses t\u00eam pela frente. Nas pr\u00f3ximas oito semanas, os motards Pedro Roque, Nuno Pires H\u00e9lder Ser\u00f4dio prop\u00f5em-se a atravessar 19 pa\u00edses entre a Costa Atl\u00e2ntica e o Mar da China, acompanhados pelo fotojornalista Pepe Brix, que ir\u00e1 documentar a aventura para exposi\u00e7\u00f5es itinerantes futuras. O projecto \u00e9 suportado atrav\u00e9s de uma iniciativa de crowdfunding e tem apoio NovoDia Caf\u00e9s.<\/p>\n<p><a href=\"http:\/\/www.atelierdocaractere.pt\/wp-content\/uploads\/2015\/05\/20150501_103910.jpg\" rel=\"prettyPhoto[gallery-yw5x]\"><img decoding=\"async\" class=\"alignleft size-medium wp-image-3748\" src=\"http:\/\/www.atelierdocaractere.pt\/wp-content\/uploads\/2015\/05\/20150501_103910-300x169.jpg\" alt=\"20150501_103910\" width=\"300\" height=\"169\" srcset=\"https:\/\/www.atelierdocaractere.pt\/wp-content\/uploads\/2015\/05\/20150501_103910-300x169.jpg 300w, https:\/\/www.atelierdocaractere.pt\/wp-content\/uploads\/2015\/05\/20150501_103910-1024x576.jpg 1024w, https:\/\/www.atelierdocaractere.pt\/wp-content\/uploads\/2015\/05\/20150501_103910-645x363.jpg 645w, https:\/\/www.atelierdocaractere.pt\/wp-content\/uploads\/2015\/05\/20150501_103910-662x372.jpg 662w, https:\/\/www.atelierdocaractere.pt\/wp-content\/uploads\/2015\/05\/20150501_103910.jpg 1920w\" sizes=\"(max-width: 300px) 100vw, 300px\" \/><\/a>\u00a0\u201cTenho uma grande expectativa em poder fotografar no M\u00e9dio Oriente, na China e principalmente na Mong\u00f3lia\u201d, afirma Pepe Brix, que recentemente\u00a0 publicou na National Geographic Portugal o seu mais recente projecto, \u201cC\u00f3digo Postal: A2053N\u201d, uma homenagem aos \u00faltimos her\u00f3is portugueses da pesca do bacalhau. Numa expedi\u00e7\u00e3o que implicou grande prepara\u00e7\u00e3o pr\u00e9via, tanto ao n\u00edvel da log\u00edstica como da documenta\u00e7\u00e3o necess\u00e1ria, os aventureiros portugueses confessam que enfrentam o desconhecido. \u201cO Turquemenist\u00e3o s\u00f3 atribui vistos depois de o Ir\u00e3o o fazer. A China \u00e9 muito complicado e o Ir\u00e3o tamb\u00e9m n\u00e3o \u00e9 f\u00e1cil\u201d, afirma o motard Nuno Pires. \u201cLevamos equipamento fotogr\u00e1fico, computadores, muitos cart\u00f5es de mem\u00f3ria, comida, alguns enlatados a contar com alguns pa\u00edses mais complicados e desertos que vamos atravessar, roupa e, claro, muito caf\u00e9\u201d, diz ainda Pedro Roque.<\/p>\n<p>Pedro Roque (44 anos, controlador de tr\u00e1fego a\u00e9reo), Nuno Pires (44 anos, comandante da TAP) e H\u00e9lder Ser\u00f4dio (38 anos, t\u00e9cnico de manuten\u00e7\u00e3o de helic\u00f3pteros) s\u00e3o motards com experi\u00eancia em expedi\u00e7\u00f5es. Pepe Brix, fotojornalista e empreendedor de 30 anos, tem trabalho assinado e publicado decorrente de viagens pelos Estados Unidos, \u00cdndia, Nepal, Am\u00e9rica do Sul, Europa Central e de Leste. Desde o arranque junto ao Tejo e at\u00e9 \u00e0 Turquia, iniciando depois a Rota da Seda e cruzando pa\u00edses como o Ir\u00e3o e Turquemenist\u00e3o, at\u00e9 \u00e0 entrada na imensid\u00e3o chinesa, os quatro aventureiros Portugueses t\u00eam chegada prevista a Pequim no dia 4 de Junho. O regresso ser\u00e1 conduzido por rota distinta, atravessando a Mong\u00f3lia e o Cazaquist\u00e3o, a R\u00fassia e depois a Pol\u00f3nia, cruzando por fim o centro da Europa de regresso \u00e0 Costa Atl\u00e2ntica, at\u00e9 ao ponto de partida, o Padr\u00e3o dos Descobrimentos, em Lisboa.<\/p>\n<p>\u201cEsta expedi\u00e7\u00e3o est\u00e1 em rota com alguns dos pa\u00edses onde a nossa marca est\u00e1 presente, nomeadamente na Europa de Leste e na China; queremos assinalar essa presen\u00e7a partilhando o esp\u00edrito de aventura com estes corajosos \u2018motards\u2019 portugueses. Esta ser\u00e1 uma viagem simb\u00f3lica para n\u00f3s e, estamos seguros, muito saborosa para os nossos amigos Pepe Brix, Pedro Roque, Nuno Pires e H\u00e9lder Ser\u00f4dio. Esperamos que o nosso caf\u00e9 possa ajud\u00e1-los a encarar os 27.000 quil\u00f3metros que t\u00eam pela frente\u201d, afirma Bernardo Alves, director-geral da NovoDia Caf\u00e9s.<\/p>\n<p>A expedi\u00e7\u00e3o Lisboa-Pequim-Lisboa pode ser acompanhada em <a href=\"http:\/\/lisboapequimlisboa.com\/\">http:\/\/lisboapequimlisboa.com\/<\/a> e\u00a0 em <a href=\"http:\/\/facebook.com\/lisboapequimlisboa\">facebook.com\/lisboapequimlisboa<\/a>.<\/p>\n<p>&nbsp;<\/p>\n<p>Sobre a empresa Novo Dia Caf\u00e9s<\/p>\n<p>A empresa Novo Dia Caf\u00e9s foi fundada em 1950 e integra o Grupo Riberalves desde 1998. Em 2007 o Grupo Riberalves concretizou a aquisi\u00e7\u00e3o da totalidade do capital e encetou uma reestrutura\u00e7\u00e3o da marca, apontando a novos objectivos e mercados. O caf\u00e9 constitui 85% dos produtos comercializados.<\/p>\n<p>&nbsp;<\/p>\n<p>&nbsp;<\/p>\n","protected":false},"excerpt":{"rendered":"<p>\u00b7\u00a0Expedi\u00e7\u00e3o portuguesa \u00e0 China arrancou hoje do Padr\u00e3o dos Descobrimentos, em Lisboa \u00b7\u00a0Grupo de motards prop\u00f5e-se a atravessar 19 pa\u00edses&#8230;<\/p>\n","protected":false},"author":2,"featured_media":3748,"comment_status":"closed","ping_status":"closed","sticky":false,"template":"","format":"image","meta":[],"categories":[27],"tags":[81,187,82,188],"yoast_head":"<!-- This site is optimized with the Yoast SEO plugin v20.12 - https:\/\/yoast.com\/wordpress\/plugins\/seo\/ -->\n<title>LISBOA-PEQUIM-LISBOA. AVENTURA PORTUGUESA DE 27.000 KM J\u00c1 EST\u00c1 NA ESTRADA - Atelier do Caractere<\/title>\n<meta name=\"robots\" content=\"index, follow, max-snippet:-1, max-image-preview:large, max-video-preview:-1\" \/>\n<link rel=\"canonical\" href=\"https:\/\/www.atelierdocaractere.pt\/brevemente\/lisboa-pequim-lisboa-aventura-portuguesa-de-27-000-km-ja-esta-na-estrada\/\" \/>\n<meta property=\"og:locale\" content=\"pt_PT\" \/>\n<meta property=\"og:type\" content=\"article\" \/>\n<meta property=\"og:title\" content=\"LISBOA-PEQUIM-LISBOA. AVENTURA PORTUGUESA DE 27.000 KM J\u00c1 EST\u00c1 NA ESTRADA - Atelier do Caractere\" \/>\n<meta property=\"og:description\" content=\"\u00b7\u00a0Expedi\u00e7\u00e3o portuguesa \u00e0 China arrancou hoje do Padr\u00e3o dos Descobrimentos, em Lisboa \u00b7\u00a0Grupo de motards prop\u00f5e-se a atravessar 19 pa\u00edses...\" \/>\n<meta property=\"og:url\" content=\"https:\/\/www.atelierdocaractere.pt\/brevemente\/lisboa-pequim-lisboa-aventura-portuguesa-de-27-000-km-ja-esta-na-estrada\/\" \/>\n<meta property=\"og:site_name\" content=\"Atelier do Caractere\" \/>\n<meta property=\"article:publisher\" content=\"https:\/\/www.facebook.com\/AtelierdoCaractere\" \/>\n<meta property=\"article:published_time\" content=\"2015-05-01T15:20:28+00:00\" \/>\n<meta property=\"og:image\" content=\"https:\/\/www.atelierdocaractere.pt\/wp-content\/uploads\/2015\/05\/20150501_103910-1024x576.jpg\" \/>\n\t<meta property=\"og:image:width\" content=\"1024\" \/>\n\t<meta property=\"og:image:height\" content=\"576\" \/>\n\t<meta property=\"og:image:type\" content=\"image\/jpeg\" \/>\n<meta name=\"author\" content=\"editor@atelierdocaractere\" \/>\n<meta name=\"twitter:card\" content=\"summary_large_image\" \/>\n<meta name=\"twitter:label1\" content=\"Escrito por\" \/>\n\t<meta name=\"twitter:data1\" content=\"editor@atelierdocaractere\" \/>\n\t<meta name=\"twitter:label2\" content=\"Tempo estimado de leitura\" \/>\n\t<meta name=\"twitter:data2\" content=\"3 minutos\" \/>\n<script type=\"application\/ld+json\" class=\"yoast-schema-graph\">{\"@context\":\"https:\/\/schema.org\",\"@graph\":[{\"@type\":\"WebPage\",\"@id\":\"https:\/\/www.atelierdocaractere.pt\/brevemente\/lisboa-pequim-lisboa-aventura-portuguesa-de-27-000-km-ja-esta-na-estrada\/\",\"url\":\"https:\/\/www.atelierdocaractere.pt\/brevemente\/lisboa-pequim-lisboa-aventura-portuguesa-de-27-000-km-ja-esta-na-estrada\/\",\"name\":\"LISBOA-PEQUIM-LISBOA. AVENTURA PORTUGUESA DE 27.000 KM J\u00c1 EST\u00c1 NA ESTRADA - Atelier do Caractere\",\"isPartOf\":{\"@id\":\"https:\/\/www.atelierdocaractere.pt\/brevemente\/#website\"},\"datePublished\":\"2015-05-01T15:20:28+00:00\",\"dateModified\":\"2015-05-01T15:20:28+00:00\",\"author\":{\"@id\":\"https:\/\/www.atelierdocaractere.pt\/brevemente\/#\/schema\/person\/9cbfe9364f1f340a0e67c62563053c6e\"},\"breadcrumb\":{\"@id\":\"https:\/\/www.atelierdocaractere.pt\/brevemente\/lisboa-pequim-lisboa-aventura-portuguesa-de-27-000-km-ja-esta-na-estrada\/#breadcrumb\"},\"inLanguage\":\"pt-PT\",\"potentialAction\":[{\"@type\":\"ReadAction\",\"target\":[\"https:\/\/www.atelierdocaractere.pt\/brevemente\/lisboa-pequim-lisboa-aventura-portuguesa-de-27-000-km-ja-esta-na-estrada\/\"]}]},{\"@type\":\"BreadcrumbList\",\"@id\":\"https:\/\/www.atelierdocaractere.pt\/brevemente\/lisboa-pequim-lisboa-aventura-portuguesa-de-27-000-km-ja-esta-na-estrada\/#breadcrumb\",\"itemListElement\":[{\"@type\":\"ListItem\",\"position\":1,\"name\":\"In\u00edcio\",\"item\":\"https:\/\/www.atelierdocaractere.pt\/brevemente\/\"},{\"@type\":\"ListItem\",\"position\":2,\"name\":\"LISBOA-PEQUIM-LISBOA. AVENTURA PORTUGUESA DE 27.000 KM J\u00c1 EST\u00c1 NA ESTRADA\"}]},{\"@type\":\"WebSite\",\"@id\":\"https:\/\/www.atelierdocaractere.pt\/brevemente\/#website\",\"url\":\"https:\/\/www.atelierdocaractere.pt\/brevemente\/\",\"name\":\"Atelier do Caractere\",\"description\":\"\",\"potentialAction\":[{\"@type\":\"SearchAction\",\"target\":{\"@type\":\"EntryPoint\",\"urlTemplate\":\"https:\/\/www.atelierdocaractere.pt\/brevemente\/?s={search_term_string}\"},\"query-input\":\"required name=search_term_string\"}],\"inLanguage\":\"pt-PT\"},{\"@type\":\"Person\",\"@id\":\"https:\/\/www.atelierdocaractere.pt\/brevemente\/#\/schema\/person\/9cbfe9364f1f340a0e67c62563053c6e\",\"name\":\"editor@atelierdocaractere\",\"image\":{\"@type\":\"ImageObject\",\"inLanguage\":\"pt-PT\",\"@id\":\"https:\/\/www.atelierdocaractere.pt\/brevemente\/#\/schema\/person\/image\/\",\"url\":\"https:\/\/secure.gravatar.com\/avatar\/0fbdb8811d6ce6feb06d4d626953d952?s=96&d=mm&r=g\",\"contentUrl\":\"https:\/\/secure.gravatar.com\/avatar\/0fbdb8811d6ce6feb06d4d626953d952?s=96&d=mm&r=g\",\"caption\":\"editor@atelierdocaractere\"},\"url\":\"https:\/\/www.atelierdocaractere.pt\/brevemente\/author\/editoratelierdocaractere\/\"}]}<\/script>\n<!-- \/ Yoast SEO plugin. -->","yoast_head_json":{"title":"LISBOA-PEQUIM-LISBOA. AVENTURA PORTUGUESA DE 27.000 KM J\u00c1 EST\u00c1 NA ESTRADA - Atelier do Caractere","robots":{"index":"index","follow":"follow","max-snippet":"max-snippet:-1","max-image-preview":"max-image-preview:large","max-video-preview":"max-video-preview:-1"},"canonical":"https:\/\/www.atelierdocaractere.pt\/brevemente\/lisboa-pequim-lisboa-aventura-portuguesa-de-27-000-km-ja-esta-na-estrada\/","og_locale":"pt_PT","og_type":"article","og_title":"LISBOA-PEQUIM-LISBOA. AVENTURA PORTUGUESA DE 27.000 KM J\u00c1 EST\u00c1 NA ESTRADA - Atelier do Caractere","og_description":"\u00b7\u00a0Expedi\u00e7\u00e3o portuguesa \u00e0 China arrancou hoje do Padr\u00e3o dos Descobrimentos, em Lisboa \u00b7\u00a0Grupo de motards prop\u00f5e-se a atravessar 19 pa\u00edses...","og_url":"https:\/\/www.atelierdocaractere.pt\/brevemente\/lisboa-pequim-lisboa-aventura-portuguesa-de-27-000-km-ja-esta-na-estrada\/","og_site_name":"Atelier do Caractere","article_publisher":"https:\/\/www.facebook.com\/AtelierdoCaractere","article_published_time":"2015-05-01T15:20:28+00:00","og_image":[{"width":1024,"height":576,"url":"https:\/\/www.atelierdocaractere.pt\/wp-content\/uploads\/2015\/05\/20150501_103910-1024x576.jpg","type":"image\/jpeg"}],"author":"editor@atelierdocaractere","twitter_card":"summary_large_image","twitter_misc":{"Escrito por":"editor@atelierdocaractere","Tempo estimado de leitura":"3 minutos"},"schema":{"@context":"https:\/\/schema.org","@graph":[{"@type":"WebPage","@id":"https:\/\/www.atelierdocaractere.pt\/brevemente\/lisboa-pequim-lisboa-aventura-portuguesa-de-27-000-km-ja-esta-na-estrada\/","url":"https:\/\/www.atelierdocaractere.pt\/brevemente\/lisboa-pequim-lisboa-aventura-portuguesa-de-27-000-km-ja-esta-na-estrada\/","name":"LISBOA-PEQUIM-LISBOA. AVENTURA PORTUGUESA DE 27.000 KM J\u00c1 EST\u00c1 NA ESTRADA - Atelier do Caractere","isPartOf":{"@id":"https:\/\/www.atelierdocaractere.pt\/brevemente\/#website"},"datePublished":"2015-05-01T15:20:28+00:00","dateModified":"2015-05-01T15:20:28+00:00","author":{"@id":"https:\/\/www.atelierdocaractere.pt\/brevemente\/#\/schema\/person\/9cbfe9364f1f340a0e67c62563053c6e"},"breadcrumb":{"@id":"https:\/\/www.atelierdocaractere.pt\/brevemente\/lisboa-pequim-lisboa-aventura-portuguesa-de-27-000-km-ja-esta-na-estrada\/#breadcrumb"},"inLanguage":"pt-PT","potentialAction":[{"@type":"ReadAction","target":["https:\/\/www.atelierdocaractere.pt\/brevemente\/lisboa-pequim-lisboa-aventura-portuguesa-de-27-000-km-ja-esta-na-estrada\/"]}]},{"@type":"BreadcrumbList","@id":"https:\/\/www.atelierdocaractere.pt\/brevemente\/lisboa-pequim-lisboa-aventura-portuguesa-de-27-000-km-ja-esta-na-estrada\/#breadcrumb","itemListElement":[{"@type":"ListItem","position":1,"name":"In\u00edcio","item":"https:\/\/www.atelierdocaractere.pt\/brevemente\/"},{"@type":"ListItem","position":2,"name":"LISBOA-PEQUIM-LISBOA. AVENTURA PORTUGUESA DE 27.000 KM J\u00c1 EST\u00c1 NA ESTRADA"}]},{"@type":"WebSite","@id":"https:\/\/www.atelierdocaractere.pt\/brevemente\/#website","url":"https:\/\/www.atelierdocaractere.pt\/brevemente\/","name":"Atelier do Caractere","description":"","potentialAction":[{"@type":"SearchAction","target":{"@type":"EntryPoint","urlTemplate":"https:\/\/www.atelierdocaractere.pt\/brevemente\/?s={search_term_string}"},"query-input":"required name=search_term_string"}],"inLanguage":"pt-PT"},{"@type":"Person","@id":"https:\/\/www.atelierdocaractere.pt\/brevemente\/#\/schema\/person\/9cbfe9364f1f340a0e67c62563053c6e","name":"editor@atelierdocaractere","image":{"@type":"ImageObject","inLanguage":"pt-PT","@id":"https:\/\/www.atelierdocaractere.pt\/brevemente\/#\/schema\/person\/image\/","url":"https:\/\/secure.gravatar.com\/avatar\/0fbdb8811d6ce6feb06d4d626953d952?s=96&d=mm&r=g","contentUrl":"https:\/\/secure.gravatar.com\/avatar\/0fbdb8811d6ce6feb06d4d626953d952?s=96&d=mm&r=g","caption":"editor@atelierdocaractere"},"url":"https:\/\/www.atelierdocaractere.pt\/brevemente\/author\/editoratelierdocaractere\/"}]}},"_links":{"self":[{"href":"https:\/\/www.atelierdocaractere.pt\/brevemente\/wp-json\/wp\/v2\/posts\/3747"}],"collection":[{"href":"https:\/\/www.atelierdocaractere.pt\/brevemente\/wp-json\/wp\/v2\/posts"}],"about":[{"href":"https:\/\/www.atelierdocaractere.pt\/brevemente\/wp-json\/wp\/v2\/types\/post"}],"author":[{"embeddable":true,"href":"https:\/\/www.atelierdocaractere.pt\/brevemente\/wp-json\/wp\/v2\/users\/2"}],"replies":[{"embeddable":true,"href":"https:\/\/www.atelierdocaractere.pt\/brevemente\/wp-json\/wp\/v2\/comments?post=3747"}],"version-history":[{"count":0,"href":"https:\/\/www.atelierdocaractere.pt\/brevemente\/wp-json\/wp\/v2\/posts\/3747\/revisions"}],"wp:featuredmedia":[{"embeddable":true,"href":"https:\/\/www.atelierdocaractere.pt\/brevemente\/wp-json\/wp\/v2\/media\/3748"}],"wp:attachment":[{"href":"https:\/\/www.atelierdocaractere.pt\/brevemente\/wp-json\/wp\/v2\/media?parent=3747"}],"wp:term":[{"taxonomy":"category","embeddable":true,"href":"https:\/\/www.atelierdocaractere.pt\/brevemente\/wp-json\/wp\/v2\/categories?post=3747"},{"taxonomy":"post_tag","embeddable":true,"href":"https:\/\/www.atelierdocaractere.pt\/brevemente\/wp-json\/wp\/v2\/tags?post=3747"}],"curies":[{"name":"wp","href":"https:\/\/api.w.org\/{rel}","templated":true}]}}