{"id":3974,"date":"2015-11-13T11:19:49","date_gmt":"2015-11-13T11:19:49","guid":{"rendered":"http:\/\/www.atelierdocaractere.pt\/?p=3974"},"modified":"2015-11-13T11:19:49","modified_gmt":"2015-11-13T11:19:49","slug":"ab-lubs-comercializa-em-portugal-os-lubrificantes-texaco","status":"publish","type":"post","link":"https:\/\/www.atelierdocaractere.pt\/brevemente\/ab-lubs-comercializa-em-portugal-os-lubrificantes-texaco\/","title":{"rendered":"AB Lubs comercializa em Portugal os lubrificantes Texaco"},"content":{"rendered":"<p>Os lubrificantes Texaco passaram a estar dispon\u00edveis no mercado nacional depois do contrato para a importa\u00e7\u00e3o e comercializa\u00e7\u00e3o desses produtos para o nosso pa\u00eds ter sido assinado entre a AB Lubs, empresa do Grupo Alves Bandeira, e a Cepsa, representante oficial da marca na Pen\u00ednsula Ib\u00e9rica.<\/p>\n<p>De salientar que o Grupo Alves Bandeira desenvolve a sua atividade essencialmente ligada aos setores Petrol\u00edferos e produtos Autom\u00f3vel em ramos t\u00e3o diversificados como o de postos de abastecimento, combust\u00edveis a granel, gest\u00e3o de postos de abastecimento, lubrificantes, pneus, entre outros (Equipamentos e Software, Constru\u00e7\u00e3o Civil e Obras P\u00fablicas e Media\u00e7\u00e3o de Seguros). Com vendas consolidadas em 2014 de 372 milh\u00f5es de euros, dos quais 14 milh\u00f5es a n\u00edvel internacional, o Grupo, com 620 colaboradores, disp\u00f5e de uma rede de 150 postos de abastecimento com mais de 4.000 clientes industriais, servidos por uma equipa de vendas de 65 pessoas.<\/p>\n<p>CEPSA \u00e9 um dos grupos industriais privados mais importantes de Espanha com presen\u00e7a em mais de 80 pa\u00edses. \u00c9 uma companhia integrada que opera em todas as fases da cadeia de valor do petr\u00f3leo e do g\u00e1s. Especificamente no seu neg\u00f3cio de lubrificantes comercializa mais de 235.000 toneladas de lubrificantes, \u00f3leos base, refrigerantes e parafinas, colocando a Companhia numa posi\u00e7\u00e3o de lideran\u00e7a e permitindo-lhe exportar esses produtos para a Europa e mercados em expans\u00e3o como a Am\u00e9rica Latina e \u00c1sia.<\/p>\n<p>Em 2011 a CEPSA adquiriu os ativos e as opera\u00e7\u00f5es da Chevron em Espanha e Portugal e os direitos de comercializa\u00e7\u00e3o da marca Texaco. Desde ent\u00e3o tem trabalhado ativamente para divulgar e alargar o reconhecimento da marca Texaco na pen\u00ednsula Ib\u00e9rica.<\/p>\n<p>O acordo agora estabelecido representa um importante passo para a afirma\u00e7\u00e3o da posi\u00e7\u00e3o da AB Lubs no mercado portugu\u00eas de lubrificantes, na sequ\u00eancia de uma estrat\u00e9gia de cont\u00ednua expans\u00e3o por parte da empresa, como refere o seu Administrador Executivo, Jos\u00e9 Ant\u00f3nio Monjardino: <em>\u00abO neg\u00f3cio de lubrificantes do Grupo resultou da fus\u00e3o dos neg\u00f3cios de lubrificantes da Alves Bandeira e Co., Petroib\u00e9rica, SA e Iberaz\u00f3ria, SA. Na sequ\u00eancia dessa fus\u00e3o cri\u00e1mos o conceito de Solu\u00e7\u00f5es de Lubrifica\u00e7\u00e3o, que assenta no princ\u00edpio <\/em>de: <em>conjugando os produtos da nossa marca com os produtos das marcas que representamos, solucionamos todas as necessidades t\u00e9cnicas de lubrificantes de cada cliente, garantindo, no seu conjunto, <strong>as condi\u00e7\u00f5es mais competitivas do mercado<\/strong>. A introdu\u00e7\u00e3o da marca Texaco na nossa oferta refor\u00e7a a credibilidade e a qualidade das solu\u00e7\u00f5es que propomos aos nossos clientes<\/em><em>.\u00bb<\/em><\/p>\n<p>J\u00e1 Gerardo Socorro Lorenzo, em representa\u00e7\u00e3o da Cepsa, salientou a import\u00e2ncia do presente acordo: <em>\u00abConhecemos bem a din\u00e2mica da AB Lubs no mercado nacional e estamos certos de que o empenho e profissionalismo que a empresa ir\u00e1 colocar na importa\u00e7\u00e3o e distribui\u00e7\u00e3o dos lubrificantes Texaco em Portugal ser\u00e3o a melhor garantia de sucesso, na certeza de que estamos perante produtos de elevada qualidade tecnol\u00f3gica e que constituir\u00e3o uma clara mais valia para o setor.\u00bb<\/em><strong>\u00a0<\/strong><\/p>\n<p><strong><u>UM GIGANTE MUNDIAL<\/u><\/strong><\/p>\n<p>A Chevron e a Texaco fundiram-se em 2011, criando a ChevronTexaco Corporation.<\/p>\n<p>O seu departamento de produtos lubrificantes \u00e9 o quarto maior produtor integrado de lubrificantes e \u00f3leos base do mundo. Opera em 44 pa\u00edses, com 2.000 funcion\u00e1rios e 16 f\u00e1bricas de lubrificantes. Tem um extenso portf\u00f3lio de produtos que cobre as necessidades do mercado mundial para os segmentos industriais, comerciais e de consumidores finais.<\/p>\n<p>Na Pen\u00ednsula Ib\u00e9rica, as atividades da Chevron Corporation t\u00eam estado entregues \u00e0 Cepsa, depois da petrol\u00edfera espanhola ter adquirido em 2011 a rede de postos de abastecimento da marca americana numa opera\u00e7\u00e3o que incluiu o neg\u00f3cio de combust\u00edveis e lubrificantes nas Can\u00e1rias, assim como o de lubrificantes em Espanha, Portugal e Gibraltar, e o de avia\u00e7\u00e3o na Pen\u00ednsula e nas Baleares. Estes acordos incluem o direito de comercializa\u00e7\u00e3o da marca Texaco em Espanha, Portugal e Gibraltar que passam pela sua importa\u00e7\u00e3o, fabrica\u00e7\u00e3o e distribui\u00e7\u00e3o.<\/p>\n<p>Agora e com o acordo assinado pelas duas partes, a AB Lubs promete dar um novo impulso \u00e0 presen\u00e7a dos produtos Texaco no mercado nacional.<\/p>\n<p><strong><u>GAMAS DE PRODUTOS<\/u><\/strong><\/p>\n<p>Os lubrificantes Texaco incluem uma vasta gama de produtos para ve\u00edculos ligeiros, ve\u00edculos pesados, motos, m\u00e1quinas agr\u00edcolas, ind\u00fastria, refrigerantes (anticongelantes) e massas lubrificantes.<\/p>\n<p>No setor autom\u00f3vel destaque para os \u00f3leos de motor de viaturas ligeiras, comerciais e pesadas &#8211; minerais e sint\u00e9ticos, transmiss\u00f5es e diferenciais, flu\u00eddos para transmiss\u00f5es autom\u00e1ticas (ATF&#8217;s), \u00f3leos multifuncionais, l\u00edquido de trav\u00f5es e refrigerantes (anticongelantes).<\/p>\n<p>A AB Lubs ir\u00e1 trabalhar as duas marcas espec\u00edficas da Texaco para o setor de lubrificantes para motores de ve\u00edculos automoveis: a <strong>Havoline<\/strong> e a <strong>Ursa<\/strong>.<\/p>\n<p>A <strong>Havoline<\/strong> \u00e9 a marca e lubrificantes para motores de ve\u00edculos ligeiros. Os produtos Havoline cumprem e ultrapassam as aprova\u00e7\u00f5es dos principais construtores de autom\u00f3veis.<\/p>\n<p>A <strong>Havoline<\/strong> foi criada em 1904 e, desde ent\u00e3o, os seus t\u00e9cnicos desenvolveram produtos com aditivos que impedissem a corros\u00e3o, proporcionassem uma a\u00e7\u00e3o detergente e dispersiva, com redu\u00e7\u00e3o do desgaste dos an\u00e9is dos \u00eambolos tanto a baixa como a elevada temperatura de funcionamento.<\/p>\n<p>A gama <strong>Ursa<\/strong> \u00e9 a gama de lubrificantes Texaco para motores de ve\u00edculos comerciais e pesados.<\/p>\n<p>Os produtos <strong>Ursa<\/strong> proporcionam confian\u00e7a e prote\u00e7\u00e3o para os profissionais dos setores comerciais e industriais que requerem o melhor em desempenho e prote\u00e7\u00e3o para seus equipamentos. A Texaco trabalha em parceria com alguns dos principais construtores de ve\u00edculos pesados no desenvolvimento de produtos, estando a gama <strong>Texaco Ursa<\/strong> aprovada pelos principais construtores.<\/p>\n<p>A gama de lubrificantes <strong>Ursa<\/strong> foi especialmente desenvolvida para oferecer m\u00e1xima prote\u00e7\u00e3o a ve\u00edculos e equipamentos e conta com um completo portf\u00f3lio de produtos premium.<\/p>\n<p>Os lubrificantes de motor <strong>Ursa Ultra<\/strong> s\u00e3o formulados com a exclusiva tecnologia IsoSyn\u00ae. Os produtos com tecnologia IsoSyn\u00ae s\u00e3o elaborados com aditivos de alta performance e proporcionam ao motor uma prote\u00e7\u00e3o em per\u00edodos prolongados de mudan\u00e7a de \u00f3leo, m\u00e1xima durabilidade e redu\u00e7\u00e3o de custos operacionais.<\/p>\n<p>A gama Texaco \u00e9 ainda complementada com diversos produtos para aplica\u00e7\u00f5es industriais, dispondo de produtos de alta performance para sistemas hidr\u00e1ulicos, engrenagens industriais, guias e barramentos, massas lubrificantes, entre outros.<\/p>\n<p>&nbsp;<\/p>\n","protected":false},"excerpt":{"rendered":"<p>Os lubrificantes Texaco passaram a estar dispon\u00edveis no mercado nacional depois do contrato para a importa\u00e7\u00e3o e comercializa\u00e7\u00e3o desses produtos&#8230;<\/p>\n","protected":false},"author":2,"featured_media":3975,"comment_status":"closed","ping_status":"closed","sticky":false,"template":"","format":"gallery","meta":[],"categories":[29],"tags":[244,81,245,246,247],"yoast_head":"<!-- This site is optimized with the Yoast SEO plugin v20.12 - https:\/\/yoast.com\/wordpress\/plugins\/seo\/ -->\n<title>AB Lubs comercializa em Portugal os lubrificantes Texaco - Atelier do Caractere<\/title>\n<meta name=\"robots\" content=\"index, follow, max-snippet:-1, max-image-preview:large, max-video-preview:-1\" \/>\n<link rel=\"canonical\" href=\"https:\/\/www.atelierdocaractere.pt\/brevemente\/ab-lubs-comercializa-em-portugal-os-lubrificantes-texaco\/\" \/>\n<meta property=\"og:locale\" content=\"pt_PT\" \/>\n<meta property=\"og:type\" content=\"article\" \/>\n<meta property=\"og:title\" content=\"AB Lubs comercializa em Portugal os lubrificantes Texaco - Atelier do Caractere\" \/>\n<meta property=\"og:description\" content=\"Os lubrificantes Texaco passaram a estar dispon\u00edveis no mercado nacional depois do contrato para a importa\u00e7\u00e3o e comercializa\u00e7\u00e3o desses produtos...\" \/>\n<meta property=\"og:url\" content=\"https:\/\/www.atelierdocaractere.pt\/brevemente\/ab-lubs-comercializa-em-portugal-os-lubrificantes-texaco\/\" \/>\n<meta property=\"og:site_name\" content=\"Atelier do Caractere\" \/>\n<meta property=\"article:publisher\" content=\"https:\/\/www.facebook.com\/AtelierdoCaractere\" \/>\n<meta property=\"article:published_time\" content=\"2015-11-13T11:19:49+00:00\" \/>\n<meta property=\"og:image\" content=\"https:\/\/www.atelierdocaractere.pt\/wp-content\/uploads\/2015\/11\/Produtos-Havoline.jpg\" \/>\n\t<meta property=\"og:image:width\" content=\"2362\" \/>\n\t<meta property=\"og:image:height\" content=\"1772\" \/>\n\t<meta property=\"og:image:type\" content=\"image\/jpeg\" \/>\n<meta name=\"author\" content=\"editor@atelierdocaractere\" \/>\n<meta name=\"twitter:card\" content=\"summary_large_image\" \/>\n<meta name=\"twitter:label1\" content=\"Escrito por\" \/>\n\t<meta name=\"twitter:data1\" content=\"editor@atelierdocaractere\" \/>\n\t<meta name=\"twitter:label2\" content=\"Tempo estimado de leitura\" \/>\n\t<meta name=\"twitter:data2\" content=\"5 minutos\" \/>\n<script type=\"application\/ld+json\" class=\"yoast-schema-graph\">{\"@context\":\"https:\/\/schema.org\",\"@graph\":[{\"@type\":\"WebPage\",\"@id\":\"https:\/\/www.atelierdocaractere.pt\/brevemente\/ab-lubs-comercializa-em-portugal-os-lubrificantes-texaco\/\",\"url\":\"https:\/\/www.atelierdocaractere.pt\/brevemente\/ab-lubs-comercializa-em-portugal-os-lubrificantes-texaco\/\",\"name\":\"AB Lubs comercializa em Portugal os lubrificantes Texaco - Atelier do Caractere\",\"isPartOf\":{\"@id\":\"https:\/\/www.atelierdocaractere.pt\/brevemente\/#website\"},\"datePublished\":\"2015-11-13T11:19:49+00:00\",\"dateModified\":\"2015-11-13T11:19:49+00:00\",\"author\":{\"@id\":\"https:\/\/www.atelierdocaractere.pt\/brevemente\/#\/schema\/person\/9cbfe9364f1f340a0e67c62563053c6e\"},\"breadcrumb\":{\"@id\":\"https:\/\/www.atelierdocaractere.pt\/brevemente\/ab-lubs-comercializa-em-portugal-os-lubrificantes-texaco\/#breadcrumb\"},\"inLanguage\":\"pt-PT\",\"potentialAction\":[{\"@type\":\"ReadAction\",\"target\":[\"https:\/\/www.atelierdocaractere.pt\/brevemente\/ab-lubs-comercializa-em-portugal-os-lubrificantes-texaco\/\"]}]},{\"@type\":\"BreadcrumbList\",\"@id\":\"https:\/\/www.atelierdocaractere.pt\/brevemente\/ab-lubs-comercializa-em-portugal-os-lubrificantes-texaco\/#breadcrumb\",\"itemListElement\":[{\"@type\":\"ListItem\",\"position\":1,\"name\":\"In\u00edcio\",\"item\":\"https:\/\/www.atelierdocaractere.pt\/brevemente\/\"},{\"@type\":\"ListItem\",\"position\":2,\"name\":\"AB Lubs comercializa em Portugal os lubrificantes Texaco\"}]},{\"@type\":\"WebSite\",\"@id\":\"https:\/\/www.atelierdocaractere.pt\/brevemente\/#website\",\"url\":\"https:\/\/www.atelierdocaractere.pt\/brevemente\/\",\"name\":\"Atelier do Caractere\",\"description\":\"\",\"potentialAction\":[{\"@type\":\"SearchAction\",\"target\":{\"@type\":\"EntryPoint\",\"urlTemplate\":\"https:\/\/www.atelierdocaractere.pt\/brevemente\/?s={search_term_string}\"},\"query-input\":\"required name=search_term_string\"}],\"inLanguage\":\"pt-PT\"},{\"@type\":\"Person\",\"@id\":\"https:\/\/www.atelierdocaractere.pt\/brevemente\/#\/schema\/person\/9cbfe9364f1f340a0e67c62563053c6e\",\"name\":\"editor@atelierdocaractere\",\"image\":{\"@type\":\"ImageObject\",\"inLanguage\":\"pt-PT\",\"@id\":\"https:\/\/www.atelierdocaractere.pt\/brevemente\/#\/schema\/person\/image\/\",\"url\":\"https:\/\/secure.gravatar.com\/avatar\/0fbdb8811d6ce6feb06d4d626953d952?s=96&d=mm&r=g\",\"contentUrl\":\"https:\/\/secure.gravatar.com\/avatar\/0fbdb8811d6ce6feb06d4d626953d952?s=96&d=mm&r=g\",\"caption\":\"editor@atelierdocaractere\"},\"url\":\"https:\/\/www.atelierdocaractere.pt\/brevemente\/author\/editoratelierdocaractere\/\"}]}<\/script>\n<!-- \/ Yoast SEO plugin. -->","yoast_head_json":{"title":"AB Lubs comercializa em Portugal os lubrificantes Texaco - Atelier do Caractere","robots":{"index":"index","follow":"follow","max-snippet":"max-snippet:-1","max-image-preview":"max-image-preview:large","max-video-preview":"max-video-preview:-1"},"canonical":"https:\/\/www.atelierdocaractere.pt\/brevemente\/ab-lubs-comercializa-em-portugal-os-lubrificantes-texaco\/","og_locale":"pt_PT","og_type":"article","og_title":"AB Lubs comercializa em Portugal os lubrificantes Texaco - Atelier do Caractere","og_description":"Os lubrificantes Texaco passaram a estar dispon\u00edveis no mercado nacional depois do contrato para a importa\u00e7\u00e3o e comercializa\u00e7\u00e3o desses produtos...","og_url":"https:\/\/www.atelierdocaractere.pt\/brevemente\/ab-lubs-comercializa-em-portugal-os-lubrificantes-texaco\/","og_site_name":"Atelier do Caractere","article_publisher":"https:\/\/www.facebook.com\/AtelierdoCaractere","article_published_time":"2015-11-13T11:19:49+00:00","og_image":[{"width":2362,"height":1772,"url":"https:\/\/www.atelierdocaractere.pt\/wp-content\/uploads\/2015\/11\/Produtos-Havoline.jpg","type":"image\/jpeg"}],"author":"editor@atelierdocaractere","twitter_card":"summary_large_image","twitter_misc":{"Escrito por":"editor@atelierdocaractere","Tempo estimado de leitura":"5 minutos"},"schema":{"@context":"https:\/\/schema.org","@graph":[{"@type":"WebPage","@id":"https:\/\/www.atelierdocaractere.pt\/brevemente\/ab-lubs-comercializa-em-portugal-os-lubrificantes-texaco\/","url":"https:\/\/www.atelierdocaractere.pt\/brevemente\/ab-lubs-comercializa-em-portugal-os-lubrificantes-texaco\/","name":"AB Lubs comercializa em Portugal os lubrificantes Texaco - Atelier do Caractere","isPartOf":{"@id":"https:\/\/www.atelierdocaractere.pt\/brevemente\/#website"},"datePublished":"2015-11-13T11:19:49+00:00","dateModified":"2015-11-13T11:19:49+00:00","author":{"@id":"https:\/\/www.atelierdocaractere.pt\/brevemente\/#\/schema\/person\/9cbfe9364f1f340a0e67c62563053c6e"},"breadcrumb":{"@id":"https:\/\/www.atelierdocaractere.pt\/brevemente\/ab-lubs-comercializa-em-portugal-os-lubrificantes-texaco\/#breadcrumb"},"inLanguage":"pt-PT","potentialAction":[{"@type":"ReadAction","target":["https:\/\/www.atelierdocaractere.pt\/brevemente\/ab-lubs-comercializa-em-portugal-os-lubrificantes-texaco\/"]}]},{"@type":"BreadcrumbList","@id":"https:\/\/www.atelierdocaractere.pt\/brevemente\/ab-lubs-comercializa-em-portugal-os-lubrificantes-texaco\/#breadcrumb","itemListElement":[{"@type":"ListItem","position":1,"name":"In\u00edcio","item":"https:\/\/www.atelierdocaractere.pt\/brevemente\/"},{"@type":"ListItem","position":2,"name":"AB Lubs comercializa em Portugal os lubrificantes Texaco"}]},{"@type":"WebSite","@id":"https:\/\/www.atelierdocaractere.pt\/brevemente\/#website","url":"https:\/\/www.atelierdocaractere.pt\/brevemente\/","name":"Atelier do Caractere","description":"","potentialAction":[{"@type":"SearchAction","target":{"@type":"EntryPoint","urlTemplate":"https:\/\/www.atelierdocaractere.pt\/brevemente\/?s={search_term_string}"},"query-input":"required name=search_term_string"}],"inLanguage":"pt-PT"},{"@type":"Person","@id":"https:\/\/www.atelierdocaractere.pt\/brevemente\/#\/schema\/person\/9cbfe9364f1f340a0e67c62563053c6e","name":"editor@atelierdocaractere","image":{"@type":"ImageObject","inLanguage":"pt-PT","@id":"https:\/\/www.atelierdocaractere.pt\/brevemente\/#\/schema\/person\/image\/","url":"https:\/\/secure.gravatar.com\/avatar\/0fbdb8811d6ce6feb06d4d626953d952?s=96&d=mm&r=g","contentUrl":"https:\/\/secure.gravatar.com\/avatar\/0fbdb8811d6ce6feb06d4d626953d952?s=96&d=mm&r=g","caption":"editor@atelierdocaractere"},"url":"https:\/\/www.atelierdocaractere.pt\/brevemente\/author\/editoratelierdocaractere\/"}]}},"_links":{"self":[{"href":"https:\/\/www.atelierdocaractere.pt\/brevemente\/wp-json\/wp\/v2\/posts\/3974"}],"collection":[{"href":"https:\/\/www.atelierdocaractere.pt\/brevemente\/wp-json\/wp\/v2\/posts"}],"about":[{"href":"https:\/\/www.atelierdocaractere.pt\/brevemente\/wp-json\/wp\/v2\/types\/post"}],"author":[{"embeddable":true,"href":"https:\/\/www.atelierdocaractere.pt\/brevemente\/wp-json\/wp\/v2\/users\/2"}],"replies":[{"embeddable":true,"href":"https:\/\/www.atelierdocaractere.pt\/brevemente\/wp-json\/wp\/v2\/comments?post=3974"}],"version-history":[{"count":0,"href":"https:\/\/www.atelierdocaractere.pt\/brevemente\/wp-json\/wp\/v2\/posts\/3974\/revisions"}],"wp:featuredmedia":[{"embeddable":true,"href":"https:\/\/www.atelierdocaractere.pt\/brevemente\/wp-json\/wp\/v2\/media\/3975"}],"wp:attachment":[{"href":"https:\/\/www.atelierdocaractere.pt\/brevemente\/wp-json\/wp\/v2\/media?parent=3974"}],"wp:term":[{"taxonomy":"category","embeddable":true,"href":"https:\/\/www.atelierdocaractere.pt\/brevemente\/wp-json\/wp\/v2\/categories?post=3974"},{"taxonomy":"post_tag","embeddable":true,"href":"https:\/\/www.atelierdocaractere.pt\/brevemente\/wp-json\/wp\/v2\/tags?post=3974"}],"curies":[{"name":"wp","href":"https:\/\/api.w.org\/{rel}","templated":true}]}}