{"id":4204,"date":"2016-04-24T18:54:23","date_gmt":"2016-04-24T17:54:23","guid":{"rendered":"http:\/\/www.atelierdocaractere.pt\/?p=4204"},"modified":"2016-04-24T18:54:23","modified_gmt":"2016-04-24T17:54:23","slug":"portugal-alimenta-um-inedito-sonho-olimpico-em-cape-town","status":"publish","type":"post","link":"https:\/\/www.atelierdocaractere.pt\/brevemente\/portugal-alimenta-um-inedito-sonho-olimpico-em-cape-town\/","title":{"rendered":"Portugal alimenta um in\u00e9dito sonho ol\u00edmpico em Cape Town"},"content":{"rendered":"<p>JO\u00c3O SILVA E JO\u00c3O PEREIRA NO \u201cTOP 15\u201d; MELANIE E MIGUEL AINDA NA CORRIDA PARA O RIO<\/p>\n<p>&nbsp;<\/p>\n<p>A Selec\u00e7\u00e3o Nacional cumpriu, na prova da World Triathlon Series de Cape Town, mais uma etapa na corrida para o Rio de Janeiro, com Jo\u00e3o Silva e Jo\u00e3o Pereira a terminarem a sua prova no \u201ctop 15\u201d (12\u00ba e 15\u00ba, respectivamente), Miguel Arraiolos em 53\u00ba e Melanie Santos, na prova feminina, a completar os 750 m de nata\u00e7\u00e3o, 20 km de ciclismo e 5 km de corrida desta etapa \u201csprint\u201d na 24\u00aa posi\u00e7\u00e3o.<\/p>\n<p>Sublinhe-se que, no caso de estes quatro se qualificarem para o Rio, Portugal alcan\u00e7a um feito in\u00e9dito de colocar quatro triatletas numa edi\u00e7\u00e3o dos Jogos Ol\u00edmpicos.<\/p>\n<p>Na prova masculina, ganha pelo espanhol Fernando Alarza (54m12s) Jo\u00e3o Pereira e Jo\u00e3o Silva estiveram particularmente fortes na corrida, tendo galgado cerca de 10 posi\u00e7\u00f5es cada um para conquistarem os seus lugares, tendo terminado com os tempos de 55m 02s e 55m 06, respectivamente.<\/p>\n<p>A medalha de prata coube ao ingl\u00eas Jonathan Brownlee e o bronze ao franc\u00eas Dorian Conninx.<\/p>\n<p>Recorde-se que Silva e Pereira t\u00eam j\u00e1 a qualifica\u00e7\u00e3o ol\u00edmpica, sendo os Jogos do Brasil o objectivo primordial desta \u00e9poca, pese o facto de Jo\u00e3o Silva, em Abu Dhabi, a primeira etapa da WTS, ter logrado uma medalha de bronze, num teste excepcional \u00e0s suas capacidades de arranque da \u00e9poca.<\/p>\n<p>Miguel Arraiolos, por seu turno, (53\u00ba, com 58m 30s), apesar de ocupar um lugar mais abaixo no \u201cranking\u201d ol\u00edmpico, beneficia de uma terceira vaga e ainda est\u00e1 dentro da \u201cstart list\u201d para o Rio. De resto, tem ainda duas provas fundamentais para selar a sua posi\u00e7\u00e3o at\u00e9 ao encerramento da qualifica\u00e7\u00e3o ol\u00edmpica, dia 15: a Ta\u00e7a do Mundo Huatulco (M\u00e9xico) e a WTS de Yokohama (Jap\u00e3o).<\/p>\n<p>Jo\u00e3o Pereira mostrou-se confiante com as \u201cboas sensa\u00e7\u00f5es\u201d obtidas e perspectiva um trajecto positivo at\u00e9 aos Jogos:<\/p>\n<p><strong>\u201cA nata\u00e7\u00e3o foi uma verdadeira uma confus\u00e3o, mas tive muito boas sensa\u00e7\u00f5es na bicicleta e na corrida senti-me ainda melhor. Sinto que, noutras circunst\u00e2ncias at\u00e9 podia ter feito um melhor resultado mas o fundamental \u00e9 que me senti muito bem e no caminho certo.\u201d<\/strong><\/p>\n<p><strong>\u00a0<\/strong>Miguel Arraiolos mostrou-se algo insatisfeito com a sua prova, mas n\u00e3o desarma na sua pretens\u00e3o de estar no Rio:<\/p>\n<p><strong>\u201cN\u00e3o correu bem hoje, mas acredito que vou fazer muito melhor nas pr\u00f3ximas provas, a come\u00e7ar pela Ta\u00e7a do Mundo de Huatulco.\u201d<\/strong><\/p>\n<p>Na corrida feminina, Melanie Santos \u2014 numa prova de \u201csprint\u201d, que n\u00e3o a favorece tanto como a dist\u00e2ncia ol\u00edmpica \u2014, fez um bom 24\u00ba lugar que a mant\u00e9m em posi\u00e7\u00e3o para uma estreia ol\u00edmpica em Agosto, no Brasil.<\/p>\n<p><strong>\u201cA prova correu bem, no geral\u201d<\/strong>, come\u00e7ou por resumir Melanie, admitindo algumas dificuldades no segmento de corrida, que, todavia, n\u00e3o a preocupam:<\/p>\n<p><strong>\u201cNa corrida senti-me um pouco cansada mas nada de preocupante. Penso que, globalmente, foi uma boa prova.\u201d<\/strong><\/p>\n<p>Quanto ao p\u00f3dio, Non Stanford encabe\u00e7ou uma dobradinha brit\u00e2nica com Jodie Stimpson, mas a atleta do dia foi mesmo a terceira classificada, a representante das Bermudas residente no Reino Unido, Flora Duffy.<\/p>\n<p>Duffy liderou a prova desde a sa\u00edda da \u00e1gua, protagonizando uma longa fuga, completamente s\u00f3, no ciclismo, para, num esfor\u00e7o incr\u00edvel, conquistar o terceiro lugar num \u201csprint\u201d final sobre a alem\u00e3 Anne Haug.<\/p>\n","protected":false},"excerpt":{"rendered":"<p>JO\u00c3O SILVA E JO\u00c3O PEREIRA NO \u201cTOP 15\u201d; MELANIE E MIGUEL AINDA NA CORRIDA PARA O RIO &nbsp; A Selec\u00e7\u00e3o&#8230;<\/p>\n","protected":false},"author":2,"featured_media":4205,"comment_status":"closed","ping_status":"closed","sticky":false,"template":"","format":"gallery","meta":[],"categories":[26],"tags":[81,265,268,274,275,267],"yoast_head":"<!-- This site is optimized with the Yoast SEO plugin v20.12 - https:\/\/yoast.com\/wordpress\/plugins\/seo\/ -->\n<title>Portugal alimenta um in\u00e9dito sonho ol\u00edmpico em Cape Town - Atelier do Caractere<\/title>\n<meta name=\"robots\" content=\"index, follow, max-snippet:-1, max-image-preview:large, max-video-preview:-1\" \/>\n<link rel=\"canonical\" href=\"https:\/\/www.atelierdocaractere.pt\/brevemente\/portugal-alimenta-um-inedito-sonho-olimpico-em-cape-town\/\" \/>\n<meta property=\"og:locale\" content=\"pt_PT\" \/>\n<meta property=\"og:type\" content=\"article\" \/>\n<meta property=\"og:title\" content=\"Portugal alimenta um in\u00e9dito sonho ol\u00edmpico em Cape Town - Atelier do Caractere\" \/>\n<meta property=\"og:description\" content=\"JO\u00c3O SILVA E JO\u00c3O PEREIRA NO \u201cTOP 15\u201d; MELANIE E MIGUEL AINDA NA CORRIDA PARA O RIO &nbsp; A Selec\u00e7\u00e3o...\" \/>\n<meta property=\"og:url\" content=\"https:\/\/www.atelierdocaractere.pt\/brevemente\/portugal-alimenta-um-inedito-sonho-olimpico-em-cape-town\/\" \/>\n<meta property=\"og:site_name\" content=\"Atelier do Caractere\" \/>\n<meta property=\"article:publisher\" content=\"https:\/\/www.facebook.com\/AtelierdoCaractere\" \/>\n<meta property=\"article:published_time\" content=\"2016-04-24T17:54:23+00:00\" \/>\n<meta property=\"og:image\" content=\"https:\/\/www.atelierdocaractere.pt\/wp-content\/uploads\/2016\/04\/Joa\u0303o-Silva.jpg\" \/>\n\t<meta property=\"og:image:width\" content=\"4928\" \/>\n\t<meta property=\"og:image:height\" content=\"3280\" \/>\n\t<meta property=\"og:image:type\" content=\"image\/jpeg\" \/>\n<meta name=\"author\" content=\"editor@atelierdocaractere\" \/>\n<meta name=\"twitter:card\" content=\"summary_large_image\" \/>\n<meta name=\"twitter:label1\" content=\"Escrito por\" \/>\n\t<meta name=\"twitter:data1\" content=\"editor@atelierdocaractere\" \/>\n\t<meta name=\"twitter:label2\" content=\"Tempo estimado de leitura\" \/>\n\t<meta name=\"twitter:data2\" content=\"3 minutos\" \/>\n<script type=\"application\/ld+json\" class=\"yoast-schema-graph\">{\"@context\":\"https:\/\/schema.org\",\"@graph\":[{\"@type\":\"WebPage\",\"@id\":\"https:\/\/www.atelierdocaractere.pt\/brevemente\/portugal-alimenta-um-inedito-sonho-olimpico-em-cape-town\/\",\"url\":\"https:\/\/www.atelierdocaractere.pt\/brevemente\/portugal-alimenta-um-inedito-sonho-olimpico-em-cape-town\/\",\"name\":\"Portugal alimenta um in\u00e9dito sonho ol\u00edmpico em Cape Town - Atelier do Caractere\",\"isPartOf\":{\"@id\":\"https:\/\/www.atelierdocaractere.pt\/brevemente\/#website\"},\"datePublished\":\"2016-04-24T17:54:23+00:00\",\"dateModified\":\"2016-04-24T17:54:23+00:00\",\"author\":{\"@id\":\"https:\/\/www.atelierdocaractere.pt\/brevemente\/#\/schema\/person\/9cbfe9364f1f340a0e67c62563053c6e\"},\"breadcrumb\":{\"@id\":\"https:\/\/www.atelierdocaractere.pt\/brevemente\/portugal-alimenta-um-inedito-sonho-olimpico-em-cape-town\/#breadcrumb\"},\"inLanguage\":\"pt-PT\",\"potentialAction\":[{\"@type\":\"ReadAction\",\"target\":[\"https:\/\/www.atelierdocaractere.pt\/brevemente\/portugal-alimenta-um-inedito-sonho-olimpico-em-cape-town\/\"]}]},{\"@type\":\"BreadcrumbList\",\"@id\":\"https:\/\/www.atelierdocaractere.pt\/brevemente\/portugal-alimenta-um-inedito-sonho-olimpico-em-cape-town\/#breadcrumb\",\"itemListElement\":[{\"@type\":\"ListItem\",\"position\":1,\"name\":\"In\u00edcio\",\"item\":\"https:\/\/www.atelierdocaractere.pt\/brevemente\/\"},{\"@type\":\"ListItem\",\"position\":2,\"name\":\"Portugal alimenta um in\u00e9dito sonho ol\u00edmpico em Cape Town\"}]},{\"@type\":\"WebSite\",\"@id\":\"https:\/\/www.atelierdocaractere.pt\/brevemente\/#website\",\"url\":\"https:\/\/www.atelierdocaractere.pt\/brevemente\/\",\"name\":\"Atelier do Caractere\",\"description\":\"\",\"potentialAction\":[{\"@type\":\"SearchAction\",\"target\":{\"@type\":\"EntryPoint\",\"urlTemplate\":\"https:\/\/www.atelierdocaractere.pt\/brevemente\/?s={search_term_string}\"},\"query-input\":\"required name=search_term_string\"}],\"inLanguage\":\"pt-PT\"},{\"@type\":\"Person\",\"@id\":\"https:\/\/www.atelierdocaractere.pt\/brevemente\/#\/schema\/person\/9cbfe9364f1f340a0e67c62563053c6e\",\"name\":\"editor@atelierdocaractere\",\"image\":{\"@type\":\"ImageObject\",\"inLanguage\":\"pt-PT\",\"@id\":\"https:\/\/www.atelierdocaractere.pt\/brevemente\/#\/schema\/person\/image\/\",\"url\":\"https:\/\/secure.gravatar.com\/avatar\/0fbdb8811d6ce6feb06d4d626953d952?s=96&d=mm&r=g\",\"contentUrl\":\"https:\/\/secure.gravatar.com\/avatar\/0fbdb8811d6ce6feb06d4d626953d952?s=96&d=mm&r=g\",\"caption\":\"editor@atelierdocaractere\"},\"url\":\"https:\/\/www.atelierdocaractere.pt\/brevemente\/author\/editoratelierdocaractere\/\"}]}<\/script>\n<!-- \/ Yoast SEO plugin. -->","yoast_head_json":{"title":"Portugal alimenta um in\u00e9dito sonho ol\u00edmpico em Cape Town - Atelier do Caractere","robots":{"index":"index","follow":"follow","max-snippet":"max-snippet:-1","max-image-preview":"max-image-preview:large","max-video-preview":"max-video-preview:-1"},"canonical":"https:\/\/www.atelierdocaractere.pt\/brevemente\/portugal-alimenta-um-inedito-sonho-olimpico-em-cape-town\/","og_locale":"pt_PT","og_type":"article","og_title":"Portugal alimenta um in\u00e9dito sonho ol\u00edmpico em Cape Town - Atelier do Caractere","og_description":"JO\u00c3O SILVA E JO\u00c3O PEREIRA NO \u201cTOP 15\u201d; MELANIE E MIGUEL AINDA NA CORRIDA PARA O RIO &nbsp; A Selec\u00e7\u00e3o...","og_url":"https:\/\/www.atelierdocaractere.pt\/brevemente\/portugal-alimenta-um-inedito-sonho-olimpico-em-cape-town\/","og_site_name":"Atelier do Caractere","article_publisher":"https:\/\/www.facebook.com\/AtelierdoCaractere","article_published_time":"2016-04-24T17:54:23+00:00","og_image":[{"width":4928,"height":3280,"url":"https:\/\/www.atelierdocaractere.pt\/wp-content\/uploads\/2016\/04\/Joa\u0303o-Silva.jpg","type":"image\/jpeg"}],"author":"editor@atelierdocaractere","twitter_card":"summary_large_image","twitter_misc":{"Escrito por":"editor@atelierdocaractere","Tempo estimado de leitura":"3 minutos"},"schema":{"@context":"https:\/\/schema.org","@graph":[{"@type":"WebPage","@id":"https:\/\/www.atelierdocaractere.pt\/brevemente\/portugal-alimenta-um-inedito-sonho-olimpico-em-cape-town\/","url":"https:\/\/www.atelierdocaractere.pt\/brevemente\/portugal-alimenta-um-inedito-sonho-olimpico-em-cape-town\/","name":"Portugal alimenta um in\u00e9dito sonho ol\u00edmpico em Cape Town - Atelier do Caractere","isPartOf":{"@id":"https:\/\/www.atelierdocaractere.pt\/brevemente\/#website"},"datePublished":"2016-04-24T17:54:23+00:00","dateModified":"2016-04-24T17:54:23+00:00","author":{"@id":"https:\/\/www.atelierdocaractere.pt\/brevemente\/#\/schema\/person\/9cbfe9364f1f340a0e67c62563053c6e"},"breadcrumb":{"@id":"https:\/\/www.atelierdocaractere.pt\/brevemente\/portugal-alimenta-um-inedito-sonho-olimpico-em-cape-town\/#breadcrumb"},"inLanguage":"pt-PT","potentialAction":[{"@type":"ReadAction","target":["https:\/\/www.atelierdocaractere.pt\/brevemente\/portugal-alimenta-um-inedito-sonho-olimpico-em-cape-town\/"]}]},{"@type":"BreadcrumbList","@id":"https:\/\/www.atelierdocaractere.pt\/brevemente\/portugal-alimenta-um-inedito-sonho-olimpico-em-cape-town\/#breadcrumb","itemListElement":[{"@type":"ListItem","position":1,"name":"In\u00edcio","item":"https:\/\/www.atelierdocaractere.pt\/brevemente\/"},{"@type":"ListItem","position":2,"name":"Portugal alimenta um in\u00e9dito sonho ol\u00edmpico em Cape Town"}]},{"@type":"WebSite","@id":"https:\/\/www.atelierdocaractere.pt\/brevemente\/#website","url":"https:\/\/www.atelierdocaractere.pt\/brevemente\/","name":"Atelier do Caractere","description":"","potentialAction":[{"@type":"SearchAction","target":{"@type":"EntryPoint","urlTemplate":"https:\/\/www.atelierdocaractere.pt\/brevemente\/?s={search_term_string}"},"query-input":"required name=search_term_string"}],"inLanguage":"pt-PT"},{"@type":"Person","@id":"https:\/\/www.atelierdocaractere.pt\/brevemente\/#\/schema\/person\/9cbfe9364f1f340a0e67c62563053c6e","name":"editor@atelierdocaractere","image":{"@type":"ImageObject","inLanguage":"pt-PT","@id":"https:\/\/www.atelierdocaractere.pt\/brevemente\/#\/schema\/person\/image\/","url":"https:\/\/secure.gravatar.com\/avatar\/0fbdb8811d6ce6feb06d4d626953d952?s=96&d=mm&r=g","contentUrl":"https:\/\/secure.gravatar.com\/avatar\/0fbdb8811d6ce6feb06d4d626953d952?s=96&d=mm&r=g","caption":"editor@atelierdocaractere"},"url":"https:\/\/www.atelierdocaractere.pt\/brevemente\/author\/editoratelierdocaractere\/"}]}},"_links":{"self":[{"href":"https:\/\/www.atelierdocaractere.pt\/brevemente\/wp-json\/wp\/v2\/posts\/4204"}],"collection":[{"href":"https:\/\/www.atelierdocaractere.pt\/brevemente\/wp-json\/wp\/v2\/posts"}],"about":[{"href":"https:\/\/www.atelierdocaractere.pt\/brevemente\/wp-json\/wp\/v2\/types\/post"}],"author":[{"embeddable":true,"href":"https:\/\/www.atelierdocaractere.pt\/brevemente\/wp-json\/wp\/v2\/users\/2"}],"replies":[{"embeddable":true,"href":"https:\/\/www.atelierdocaractere.pt\/brevemente\/wp-json\/wp\/v2\/comments?post=4204"}],"version-history":[{"count":0,"href":"https:\/\/www.atelierdocaractere.pt\/brevemente\/wp-json\/wp\/v2\/posts\/4204\/revisions"}],"wp:featuredmedia":[{"embeddable":true,"href":"https:\/\/www.atelierdocaractere.pt\/brevemente\/wp-json\/wp\/v2\/media\/4205"}],"wp:attachment":[{"href":"https:\/\/www.atelierdocaractere.pt\/brevemente\/wp-json\/wp\/v2\/media?parent=4204"}],"wp:term":[{"taxonomy":"category","embeddable":true,"href":"https:\/\/www.atelierdocaractere.pt\/brevemente\/wp-json\/wp\/v2\/categories?post=4204"},{"taxonomy":"post_tag","embeddable":true,"href":"https:\/\/www.atelierdocaractere.pt\/brevemente\/wp-json\/wp\/v2\/tags?post=4204"}],"curies":[{"name":"wp","href":"https:\/\/api.w.org\/{rel}","templated":true}]}}