{"id":5445,"date":"2018-03-16T10:05:47","date_gmt":"2018-03-16T10:05:47","guid":{"rendered":"http:\/\/www.atelierdocaractere.pt\/?p=5445"},"modified":"2018-03-16T10:05:47","modified_gmt":"2018-03-16T10:05:47","slug":"turismo-no-centro-de-portugal-comeca-o-ano-a-crescer-de-forma-clara","status":"publish","type":"post","link":"https:\/\/www.atelierdocaractere.pt\/brevemente\/turismo-no-centro-de-portugal-comeca-o-ano-a-crescer-de-forma-clara\/","title":{"rendered":"Turismo no Centro de Portugal come\u00e7a o ano a crescer de forma clara"},"content":{"rendered":"<ul>\n<li>Dormidas na regi\u00e3o aumentaram 8 por cento em janeiro e proveitos subiram 15 por cento.<\/li>\n<\/ul>\n<p>A atividade tur\u00edstica no Centro de Portugal iniciou o ano de 2018 como tinha terminado 2017: a crescer de forma clara e superior \u00e0 m\u00e9dia nacional. Os n\u00fameros publicados hoje pelo INE &#8211; Instituto Nacional de Estat\u00edstica, relativos a janeiro, mostram uma subida significativa da procura tur\u00edstica da regi\u00e3o, contrastando com uma ligeira desacelera\u00e7\u00e3o da procura global do pa\u00eds.<\/p>\n<p>O INE indica que, em janeiro de 2018, o total de dormidas na regi\u00e3o cresceu 7,84%, em compara\u00e7\u00e3o com janeiro de 2017. Um dado relevante \u00e9 que Portugal, na globalidade, registou uma ligeira desacelera\u00e7\u00e3o no crescimento, uma vez que, no mesmo per\u00edodo, as dormidas aumentaram 5,10%, menos que entre janeiro de 2016 e janeiro de 2017, em que tinham subido 12,71%. No Centro de Portugal, o cen\u00e1rio \u00e9 inverso: os 7,84% de crescimento da regi\u00e3o superam os 6,79% de incremento entre janeiro de 2016 e janeiro de 2017 \u2013 o que s\u00e3o sinais muito promissores para o que ser\u00e1 o ano de 2018.<\/p>\n<p>No total, contabilizaram-se 228.770 dormidas em janeiro no Centro de Portugal, mais 16,6 mil do que no mesmo m\u00eas do ano anterior, que tinha registado 212.132 dormidas. Em janeiro de 2016, verificaram-se 198.627 dormidas.<\/p>\n<p>As dormidas por parte dos visitantes estrangeiros continuam a ser o indicador mais positivo e o principal impulsionador do crescimento tur\u00edstico no Centro de Portugal. Entre janeiro de 2017 e janeiro de 2018, as dormidas de estrangeiros aumentaram 16,46%, para 79.608 (tinham sido 68.354 em janeiro de 2017). Comparativamente, o crescimento nas dormidas de estrangeiros a n\u00edvel nacional foi de 4,30%. Ou seja, as dormidas de estrangeiros cresceram quatro vezes mais no Centro de Portugal do que na globalidade do pa\u00eds.<\/p>\n<p>Por outro lado, a procura do Centro de Portugal pelos visitantes nacionais tamb\u00e9m continua a crescer, embora de forma menos impressiva. Em janeiro de 2018, registaram-se na regi\u00e3o 149.162 dormidas de visitantes nacionais, mais 3,74% que em janeiro de 2017.<\/p>\n<p>O Centro de Portugal regista igualmente n\u00fameros muito promissores nos restantes indicadores registados pelo INE. \u00c9 o caso do total de h\u00f3spedes, que entre os dois meses de janeiro subiu 4,85%, para 150.747, ou na taxa de ocupa\u00e7\u00e3o, que subiu 1,30%.<\/p>\n<p>A n\u00edvel das receitas, em janeiro de 2018, registou-se um forte crescimento nos proveitos totais da atividade tur\u00edstica no Centro de Portugal, em compara\u00e7\u00e3o com o mesmo m\u00eas de 2017: os proveitos subiram 15,44% e ultrapassaram os 12,8 milh\u00f5es de euros.<\/p>\n<p>Sobre o Turismo Centro de Portugal:<br \/>\nO Turismo Centro de Portugal \u00e9 a entidade que estrutura e promove o turismo na Regi\u00e3o Centro do pa\u00eds. Esta \u00e9 a maior e mais diversificada \u00e1rea tur\u00edstica nacional, abrangendo 100 munic\u00edpios, e tem registado um intenso crescimento da procura interna e externa. \u00c9 a regi\u00e3o a escolher para quem pretende experi\u00eancias diversificadas, pois concilia locais Patrim\u00f3nio da Humanidade com a melhor costa de surf da Europa, termas e spas id\u00edlicos, locais de culto de import\u00e2ncia mundial e as mais belas aldeias.<\/p>\n","protected":false},"excerpt":{"rendered":"<p>Dormidas na regi\u00e3o aumentaram 8 por cento em janeiro e proveitos subiram 15 por cento. A atividade tur\u00edstica no Centro&#8230;<\/p>\n","protected":false},"author":2,"featured_media":5199,"comment_status":"open","ping_status":"closed","sticky":false,"template":"","format":"gallery","meta":[],"categories":[39],"tags":[81,346],"yoast_head":"<!-- This site is optimized with the Yoast SEO plugin v20.12 - https:\/\/yoast.com\/wordpress\/plugins\/seo\/ -->\n<title>Turismo no Centro de Portugal come\u00e7a o ano a crescer de forma clara - Atelier do Caractere<\/title>\n<meta name=\"robots\" content=\"index, follow, max-snippet:-1, max-image-preview:large, max-video-preview:-1\" \/>\n<link rel=\"canonical\" href=\"https:\/\/www.atelierdocaractere.pt\/brevemente\/turismo-no-centro-de-portugal-comeca-o-ano-a-crescer-de-forma-clara\/\" \/>\n<meta property=\"og:locale\" content=\"pt_PT\" \/>\n<meta property=\"og:type\" content=\"article\" \/>\n<meta property=\"og:title\" content=\"Turismo no Centro de Portugal come\u00e7a o ano a crescer de forma clara - Atelier do Caractere\" \/>\n<meta property=\"og:description\" content=\"Dormidas na regi\u00e3o aumentaram 8 por cento em janeiro e proveitos subiram 15 por cento. A atividade tur\u00edstica no Centro...\" \/>\n<meta property=\"og:url\" content=\"https:\/\/www.atelierdocaractere.pt\/brevemente\/turismo-no-centro-de-portugal-comeca-o-ano-a-crescer-de-forma-clara\/\" \/>\n<meta property=\"og:site_name\" content=\"Atelier do Caractere\" \/>\n<meta property=\"article:publisher\" content=\"https:\/\/www.facebook.com\/AtelierdoCaractere\" \/>\n<meta property=\"article:published_time\" content=\"2018-03-16T10:05:47+00:00\" \/>\n<meta property=\"og:image\" content=\"https:\/\/www.atelierdocaractere.pt\/wp-content\/uploads\/2017\/10\/logo-turismo-centro-e1521194792479.jpg\" \/>\n\t<meta property=\"og:image:width\" content=\"2125\" \/>\n\t<meta property=\"og:image:height\" content=\"1179\" \/>\n\t<meta property=\"og:image:type\" content=\"image\/jpeg\" \/>\n<meta name=\"author\" content=\"editor@atelierdocaractere\" \/>\n<meta name=\"twitter:card\" content=\"summary_large_image\" \/>\n<meta name=\"twitter:label1\" content=\"Escrito por\" \/>\n\t<meta name=\"twitter:data1\" content=\"editor@atelierdocaractere\" \/>\n\t<meta name=\"twitter:label2\" content=\"Tempo estimado de leitura\" \/>\n\t<meta name=\"twitter:data2\" content=\"2 minutos\" \/>\n<script type=\"application\/ld+json\" class=\"yoast-schema-graph\">{\"@context\":\"https:\/\/schema.org\",\"@graph\":[{\"@type\":\"WebPage\",\"@id\":\"https:\/\/www.atelierdocaractere.pt\/brevemente\/turismo-no-centro-de-portugal-comeca-o-ano-a-crescer-de-forma-clara\/\",\"url\":\"https:\/\/www.atelierdocaractere.pt\/brevemente\/turismo-no-centro-de-portugal-comeca-o-ano-a-crescer-de-forma-clara\/\",\"name\":\"Turismo no Centro de Portugal come\u00e7a o ano a crescer de forma clara - Atelier do Caractere\",\"isPartOf\":{\"@id\":\"https:\/\/www.atelierdocaractere.pt\/brevemente\/#website\"},\"datePublished\":\"2018-03-16T10:05:47+00:00\",\"dateModified\":\"2018-03-16T10:05:47+00:00\",\"author\":{\"@id\":\"https:\/\/www.atelierdocaractere.pt\/brevemente\/#\/schema\/person\/9cbfe9364f1f340a0e67c62563053c6e\"},\"breadcrumb\":{\"@id\":\"https:\/\/www.atelierdocaractere.pt\/brevemente\/turismo-no-centro-de-portugal-comeca-o-ano-a-crescer-de-forma-clara\/#breadcrumb\"},\"inLanguage\":\"pt-PT\",\"potentialAction\":[{\"@type\":\"ReadAction\",\"target\":[\"https:\/\/www.atelierdocaractere.pt\/brevemente\/turismo-no-centro-de-portugal-comeca-o-ano-a-crescer-de-forma-clara\/\"]}]},{\"@type\":\"BreadcrumbList\",\"@id\":\"https:\/\/www.atelierdocaractere.pt\/brevemente\/turismo-no-centro-de-portugal-comeca-o-ano-a-crescer-de-forma-clara\/#breadcrumb\",\"itemListElement\":[{\"@type\":\"ListItem\",\"position\":1,\"name\":\"In\u00edcio\",\"item\":\"https:\/\/www.atelierdocaractere.pt\/brevemente\/\"},{\"@type\":\"ListItem\",\"position\":2,\"name\":\"Turismo no Centro de Portugal come\u00e7a o ano a crescer de forma clara\"}]},{\"@type\":\"WebSite\",\"@id\":\"https:\/\/www.atelierdocaractere.pt\/brevemente\/#website\",\"url\":\"https:\/\/www.atelierdocaractere.pt\/brevemente\/\",\"name\":\"Atelier do Caractere\",\"description\":\"\",\"potentialAction\":[{\"@type\":\"SearchAction\",\"target\":{\"@type\":\"EntryPoint\",\"urlTemplate\":\"https:\/\/www.atelierdocaractere.pt\/brevemente\/?s={search_term_string}\"},\"query-input\":\"required name=search_term_string\"}],\"inLanguage\":\"pt-PT\"},{\"@type\":\"Person\",\"@id\":\"https:\/\/www.atelierdocaractere.pt\/brevemente\/#\/schema\/person\/9cbfe9364f1f340a0e67c62563053c6e\",\"name\":\"editor@atelierdocaractere\",\"image\":{\"@type\":\"ImageObject\",\"inLanguage\":\"pt-PT\",\"@id\":\"https:\/\/www.atelierdocaractere.pt\/brevemente\/#\/schema\/person\/image\/\",\"url\":\"https:\/\/secure.gravatar.com\/avatar\/0fbdb8811d6ce6feb06d4d626953d952?s=96&d=mm&r=g\",\"contentUrl\":\"https:\/\/secure.gravatar.com\/avatar\/0fbdb8811d6ce6feb06d4d626953d952?s=96&d=mm&r=g\",\"caption\":\"editor@atelierdocaractere\"},\"url\":\"https:\/\/www.atelierdocaractere.pt\/brevemente\/author\/editoratelierdocaractere\/\"}]}<\/script>\n<!-- \/ Yoast SEO plugin. -->","yoast_head_json":{"title":"Turismo no Centro de Portugal come\u00e7a o ano a crescer de forma clara - Atelier do Caractere","robots":{"index":"index","follow":"follow","max-snippet":"max-snippet:-1","max-image-preview":"max-image-preview:large","max-video-preview":"max-video-preview:-1"},"canonical":"https:\/\/www.atelierdocaractere.pt\/brevemente\/turismo-no-centro-de-portugal-comeca-o-ano-a-crescer-de-forma-clara\/","og_locale":"pt_PT","og_type":"article","og_title":"Turismo no Centro de Portugal come\u00e7a o ano a crescer de forma clara - Atelier do Caractere","og_description":"Dormidas na regi\u00e3o aumentaram 8 por cento em janeiro e proveitos subiram 15 por cento. A atividade tur\u00edstica no Centro...","og_url":"https:\/\/www.atelierdocaractere.pt\/brevemente\/turismo-no-centro-de-portugal-comeca-o-ano-a-crescer-de-forma-clara\/","og_site_name":"Atelier do Caractere","article_publisher":"https:\/\/www.facebook.com\/AtelierdoCaractere","article_published_time":"2018-03-16T10:05:47+00:00","og_image":[{"width":2125,"height":1179,"url":"https:\/\/www.atelierdocaractere.pt\/wp-content\/uploads\/2017\/10\/logo-turismo-centro-e1521194792479.jpg","type":"image\/jpeg"}],"author":"editor@atelierdocaractere","twitter_card":"summary_large_image","twitter_misc":{"Escrito por":"editor@atelierdocaractere","Tempo estimado de leitura":"2 minutos"},"schema":{"@context":"https:\/\/schema.org","@graph":[{"@type":"WebPage","@id":"https:\/\/www.atelierdocaractere.pt\/brevemente\/turismo-no-centro-de-portugal-comeca-o-ano-a-crescer-de-forma-clara\/","url":"https:\/\/www.atelierdocaractere.pt\/brevemente\/turismo-no-centro-de-portugal-comeca-o-ano-a-crescer-de-forma-clara\/","name":"Turismo no Centro de Portugal come\u00e7a o ano a crescer de forma clara - Atelier do Caractere","isPartOf":{"@id":"https:\/\/www.atelierdocaractere.pt\/brevemente\/#website"},"datePublished":"2018-03-16T10:05:47+00:00","dateModified":"2018-03-16T10:05:47+00:00","author":{"@id":"https:\/\/www.atelierdocaractere.pt\/brevemente\/#\/schema\/person\/9cbfe9364f1f340a0e67c62563053c6e"},"breadcrumb":{"@id":"https:\/\/www.atelierdocaractere.pt\/brevemente\/turismo-no-centro-de-portugal-comeca-o-ano-a-crescer-de-forma-clara\/#breadcrumb"},"inLanguage":"pt-PT","potentialAction":[{"@type":"ReadAction","target":["https:\/\/www.atelierdocaractere.pt\/brevemente\/turismo-no-centro-de-portugal-comeca-o-ano-a-crescer-de-forma-clara\/"]}]},{"@type":"BreadcrumbList","@id":"https:\/\/www.atelierdocaractere.pt\/brevemente\/turismo-no-centro-de-portugal-comeca-o-ano-a-crescer-de-forma-clara\/#breadcrumb","itemListElement":[{"@type":"ListItem","position":1,"name":"In\u00edcio","item":"https:\/\/www.atelierdocaractere.pt\/brevemente\/"},{"@type":"ListItem","position":2,"name":"Turismo no Centro de Portugal come\u00e7a o ano a crescer de forma clara"}]},{"@type":"WebSite","@id":"https:\/\/www.atelierdocaractere.pt\/brevemente\/#website","url":"https:\/\/www.atelierdocaractere.pt\/brevemente\/","name":"Atelier do Caractere","description":"","potentialAction":[{"@type":"SearchAction","target":{"@type":"EntryPoint","urlTemplate":"https:\/\/www.atelierdocaractere.pt\/brevemente\/?s={search_term_string}"},"query-input":"required name=search_term_string"}],"inLanguage":"pt-PT"},{"@type":"Person","@id":"https:\/\/www.atelierdocaractere.pt\/brevemente\/#\/schema\/person\/9cbfe9364f1f340a0e67c62563053c6e","name":"editor@atelierdocaractere","image":{"@type":"ImageObject","inLanguage":"pt-PT","@id":"https:\/\/www.atelierdocaractere.pt\/brevemente\/#\/schema\/person\/image\/","url":"https:\/\/secure.gravatar.com\/avatar\/0fbdb8811d6ce6feb06d4d626953d952?s=96&d=mm&r=g","contentUrl":"https:\/\/secure.gravatar.com\/avatar\/0fbdb8811d6ce6feb06d4d626953d952?s=96&d=mm&r=g","caption":"editor@atelierdocaractere"},"url":"https:\/\/www.atelierdocaractere.pt\/brevemente\/author\/editoratelierdocaractere\/"}]}},"_links":{"self":[{"href":"https:\/\/www.atelierdocaractere.pt\/brevemente\/wp-json\/wp\/v2\/posts\/5445"}],"collection":[{"href":"https:\/\/www.atelierdocaractere.pt\/brevemente\/wp-json\/wp\/v2\/posts"}],"about":[{"href":"https:\/\/www.atelierdocaractere.pt\/brevemente\/wp-json\/wp\/v2\/types\/post"}],"author":[{"embeddable":true,"href":"https:\/\/www.atelierdocaractere.pt\/brevemente\/wp-json\/wp\/v2\/users\/2"}],"replies":[{"embeddable":true,"href":"https:\/\/www.atelierdocaractere.pt\/brevemente\/wp-json\/wp\/v2\/comments?post=5445"}],"version-history":[{"count":0,"href":"https:\/\/www.atelierdocaractere.pt\/brevemente\/wp-json\/wp\/v2\/posts\/5445\/revisions"}],"wp:featuredmedia":[{"embeddable":true,"href":"https:\/\/www.atelierdocaractere.pt\/brevemente\/wp-json\/wp\/v2\/media\/5199"}],"wp:attachment":[{"href":"https:\/\/www.atelierdocaractere.pt\/brevemente\/wp-json\/wp\/v2\/media?parent=5445"}],"wp:term":[{"taxonomy":"category","embeddable":true,"href":"https:\/\/www.atelierdocaractere.pt\/brevemente\/wp-json\/wp\/v2\/categories?post=5445"},{"taxonomy":"post_tag","embeddable":true,"href":"https:\/\/www.atelierdocaractere.pt\/brevemente\/wp-json\/wp\/v2\/tags?post=5445"}],"curies":[{"name":"wp","href":"https:\/\/api.w.org\/{rel}","templated":true}]}}