{"id":5909,"date":"2018-11-20T12:00:01","date_gmt":"2018-11-20T12:00:01","guid":{"rendered":"http:\/\/www.atelierdocaractere.pt\/?p=5909"},"modified":"2019-08-17T13:37:48","modified_gmt":"2019-08-17T13:37:48","slug":"a-epoca-oficial-do-natal-comeca-ja-este-sabado-no-porto-christmas-village%ef%bb%bf","status":"publish","type":"post","link":"https:\/\/www.atelierdocaractere.pt\/brevemente\/a-epoca-oficial-do-natal-comeca-ja-este-sabado-no-porto-christmas-village%ef%bb%bf\/","title":{"rendered":"A \u00e9poca oficial do Natal come\u00e7a j\u00e1 este s\u00e1bado no Porto Christmas Village!\ufeff"},"content":{"rendered":"\n<figure class=\"wp-block-image\"><img decoding=\"async\" src=\"http:\/\/www.atelierdocaractere.pt\/wp-content\/uploads\/2018\/11\/Cartaz_Porto-Christmas-Village.jpg\" alt=\"\" class=\"wp-image-5910\"\/><\/figure>\n\n\n\n<p><strong>A inaugura\u00e7\u00e3o do Porto\nChristmas Village, o primeiro espa\u00e7o <em>indoor<\/em> de anima\u00e7\u00e3o natal\u00edcia, na\ncidade do Porto, est\u00e1 marcada para este s\u00e1bado, 24 de novembro. Com atividades\npensadas para toda a fam\u00edlia, como a Pista de Gelo e a F\u00e1brica de Brinquedos, o\nPorto Christmas Village promete ser o lugar mais cool para celebrar esta \u00e9poca\nde Natal.<\/strong><\/p>\n\n\n\n<p>Este ano, as comemora\u00e7\u00f5es\nnatal\u00edcias come\u00e7am mais cedo na cidade invicta. O Porto Christmas Village abre\nas portas j\u00e1 este s\u00e1bado, 24 de novembro, e vem oferecer \u00e0s fam\u00edlias um lugar\nonde podem viver, em pleno, o esp\u00edrito natal\u00edcio \u2013 com o conforto de um espa\u00e7o <em>indoor<\/em>.<\/p>\n\n\n\n<p>Situado na Alf\u00e2ndega do\nPorto, este evento distingue-se n\u00e3o s\u00f3 por ser pioneiro na abertura das\ncelebra\u00e7\u00f5es de Natal, como tamb\u00e9m por ser o primeiro espa\u00e7o de anima\u00e7\u00e3o\nnatal\u00edcia <em>indoor<\/em> na cidade do Porto.<\/p>\n\n\n\n<p>At\u00e9 30 de dezembro de\n2018, o Porto Christmas Village promete oferecer uma nova experi\u00eancia de Natal,\ncom divers\u00e3o garantida para mi\u00fados \u2013 com a F\u00e1brica dos Brinquedos e a Pista de\nGelo \u2013 e gra\u00fados, com experi\u00eancias e jogos para toda a fam\u00edlia, como uma\nbatalha de neve em Realidade Virtual, o Mercado de Natal com artigos \u00fanicos, <em>Wine\nBar<\/em> e cafetaria tipicamente portuguesa com os melhores sabores de Natal.<\/p>\n\n\n\n<p>O Porto Christmas Village\nser\u00e1 o \u00fanico espa\u00e7o de anima\u00e7\u00e3o natal\u00edcia onde poderemos experimentar o <em>Curling<\/em>\n\u2013 um desporto de inverno que nasceu na Esc\u00f3cia no s\u00e9culo XVI e cujo objetivo \u00e9\nlan\u00e7ar pedras de granito o mais pr\u00f3ximo poss\u00edvel do alvo.<\/p>\n\n\n\n<p>O Dragon Force, projeto\nde escolas de futebol para os mais pequenos, do Futebol Clube do Porto, tamb\u00e9m\nir\u00e1 marcar presen\u00e7a no evento, prometendo momentos de muita anima\u00e7\u00e3o para pais\ne filhos, \u00e0 volta da paix\u00e3o do futebol.<\/p>\n\n\n\n<p>O Porto Christmas Village\nvai tamb\u00e9m fazer as del\u00edcias de amantes de videojogos e tecnologia, com um\nespa\u00e7o de Realidade Virtual e jogos <em>arcade<\/em>. Um lugar de visita\nobrigat\u00f3ria para reviver a emo\u00e7\u00e3o das antigas salas de jogos.<\/p>\n\n\n\n<p>No espa\u00e7o de restaura\u00e7\u00e3o,\nas fam\u00edlias v\u00e3o encontrar os t\u00edpicos sabores de Natal. Manuel Almeida,\nreconhecido <em>chef<\/em> de cozinha, natural do Porto, leva a sua Duorum\nExperience at\u00e9 ao Wine Bar &amp; Tapas do Porto Christmas Village, com uma\nespecial\u00edssima sele\u00e7\u00e3o de vinhos a copo, queijos e enchidos. Neste espa\u00e7o, os\nvisitantes v\u00e3o encontrar tamb\u00e9m a Centen\u00e1ria Padaria Ribeiro e o seu\ncaracter\u00edstico bolo rei p\u00e3o de l\u00f3.<\/p>\n\n\n\n<p>No Mercado de Natal do\nPorto Christmas Village destaca-se a ic\u00f3nica f\u00e1brica de chocolates Imperial,\ncom as marcas Jubileu, Regina, Pintarolas e Pantagruel. Evocando as mais doces\nmem\u00f3rias dos mais velhos, e deliciando com os seus produtos os mais novos, a\nImperial vai apresentar, neste evento, desde produtos mais vintage at\u00e9 \u00e0s suas\n\u00faltimas novidades, assim como produtos concebidos especialmente para o evento.<\/p>\n\n\n\n<p>Al\u00e9m dos deliciosos\nchocolates da f\u00e1brica Imperial, no Mercado de Natal do Porto Christmas Village\nos visitantes encontram diversas ideias para as suas prendas de Natal, como\nperfumaria, sapatos, <em>gifts design<\/em>, cer\u00e2mica, brinquedos, artesanato,\nprodutos de beleza, vestu\u00e1rio, ilustra\u00e7\u00f5es, pastelaria, ourivesaria e ainda as\npe\u00e7as \u00fanicas do prestigiado Joalheiro Eug\u00e9nio Campos.<\/p>\n\n\n\n<p>No final, quem visitar o\nespa\u00e7o ainda se ir\u00e1 arriscar a ganhar uma viagem surpresa oferecida pela\nAg\u00eancia Abreu&#8230;<\/p>\n\n\n\n<p>Organizado e promovido\npela Expanding Group, o Porto Christmas Village conta com apoio institucional\nda Alf\u00e2ndega do Porto, C\u00e2mara Municipal do Porto e Associa\u00e7\u00e3o de Turismo do\nPorto, bem como o patroc\u00ednio da Imperial &#8211; F\u00e1brica de Chocolates. A R\u00e1dio\nComercial ser\u00e1 a r\u00e1dio oficial do evento.<\/p>\n\n\n\n<p>O Porto Christmas Village\nestar\u00e1 aberto, nos dias \u00fateis, das 15h \u00e0s 22h, e de sexta a domingo, das 11h \u00e0s\n22h. No dia 24 de dezembro ter\u00e1 hor\u00e1rio reduzido, das 11h \u00e0s 15h, e estar\u00e1\nfechado no dia 25 de dezembro. \u00c0 segunda-feira as crian\u00e7as at\u00e9 11 anos n\u00e3o\npagam. De segunda-feira a quinta-feira, a partir das 19h00, ser\u00e1 \u201cHappy Hour\u201d\nQ8\u2026 Ou seja, entrada livre para todos! O pre\u00e7o da entrada \u00e9 de 5 euros para\nadultos e 3,5 euros para crian\u00e7as.<\/p>\n\n\n\n<p>Para mais informa\u00e7\u00f5es: <a href=\"http:\/\/portochristmasvillage.com\/\">http:\/\/portochristmasvillage.com\/<\/a> <\/p>\n","protected":false},"excerpt":{"rendered":"<p>A inaugura\u00e7\u00e3o do Porto Christmas Village, o primeiro espa\u00e7o indoor de anima\u00e7\u00e3o natal\u00edcia, na cidade do Porto, est\u00e1 marcada para&#8230;<\/p>\n","protected":false},"author":2,"featured_media":6496,"comment_status":"open","ping_status":"closed","sticky":false,"template":"","format":"image","meta":[],"categories":[30],"tags":[],"yoast_head":"<!-- This site is optimized with the Yoast SEO plugin v20.12 - https:\/\/yoast.com\/wordpress\/plugins\/seo\/ -->\n<title>A \u00e9poca oficial do Natal come\u00e7a j\u00e1 este s\u00e1bado no Porto Christmas Village!\ufeff - Atelier do Caractere<\/title>\n<meta name=\"robots\" content=\"index, follow, max-snippet:-1, max-image-preview:large, max-video-preview:-1\" \/>\n<link rel=\"canonical\" href=\"https:\/\/www.atelierdocaractere.pt\/brevemente\/a-epoca-oficial-do-natal-comeca-ja-este-sabado-no-porto-christmas-village\ufeff\/\" \/>\n<meta property=\"og:locale\" content=\"pt_PT\" \/>\n<meta property=\"og:type\" content=\"article\" \/>\n<meta property=\"og:title\" content=\"A \u00e9poca oficial do Natal come\u00e7a j\u00e1 este s\u00e1bado no Porto Christmas Village!\ufeff - Atelier do Caractere\" \/>\n<meta property=\"og:description\" content=\"A inaugura\u00e7\u00e3o do Porto Christmas Village, o primeiro espa\u00e7o indoor de anima\u00e7\u00e3o natal\u00edcia, na cidade do Porto, est\u00e1 marcada para...\" \/>\n<meta property=\"og:url\" content=\"https:\/\/www.atelierdocaractere.pt\/brevemente\/a-epoca-oficial-do-natal-comeca-ja-este-sabado-no-porto-christmas-village\ufeff\/\" \/>\n<meta property=\"og:site_name\" content=\"Atelier do Caractere\" \/>\n<meta property=\"article:publisher\" content=\"https:\/\/www.facebook.com\/AtelierdoCaractere\" \/>\n<meta property=\"article:published_time\" content=\"2018-11-20T12:00:01+00:00\" \/>\n<meta property=\"article:modified_time\" content=\"2019-08-17T13:37:48+00:00\" \/>\n<meta property=\"og:image\" content=\"http:\/\/www.atelierdocaractere.pt\/wp-content\/uploads\/2019\/01\/Cartaz_Porto-Christmas-Village.jpg\" \/>\n\t<meta property=\"og:image:width\" content=\"1749\" \/>\n\t<meta property=\"og:image:height\" content=\"2478\" \/>\n\t<meta property=\"og:image:type\" content=\"image\/jpeg\" \/>\n<meta name=\"author\" content=\"editor@atelierdocaractere\" \/>\n<meta name=\"twitter:card\" content=\"summary_large_image\" \/>\n<meta name=\"twitter:label1\" content=\"Escrito por\" \/>\n\t<meta name=\"twitter:data1\" content=\"editor@atelierdocaractere\" \/>\n\t<meta name=\"twitter:label2\" content=\"Tempo estimado de leitura\" \/>\n\t<meta name=\"twitter:data2\" content=\"4 minutos\" \/>\n<script type=\"application\/ld+json\" class=\"yoast-schema-graph\">{\"@context\":\"https:\/\/schema.org\",\"@graph\":[{\"@type\":\"WebPage\",\"@id\":\"https:\/\/www.atelierdocaractere.pt\/brevemente\/a-epoca-oficial-do-natal-comeca-ja-este-sabado-no-porto-christmas-village%ef%bb%bf\/\",\"url\":\"https:\/\/www.atelierdocaractere.pt\/brevemente\/a-epoca-oficial-do-natal-comeca-ja-este-sabado-no-porto-christmas-village%ef%bb%bf\/\",\"name\":\"A \u00e9poca oficial do Natal come\u00e7a j\u00e1 este s\u00e1bado no Porto Christmas Village!\ufeff - Atelier do Caractere\",\"isPartOf\":{\"@id\":\"https:\/\/www.atelierdocaractere.pt\/brevemente\/#website\"},\"datePublished\":\"2018-11-20T12:00:01+00:00\",\"dateModified\":\"2019-08-17T13:37:48+00:00\",\"author\":{\"@id\":\"https:\/\/www.atelierdocaractere.pt\/brevemente\/#\/schema\/person\/9cbfe9364f1f340a0e67c62563053c6e\"},\"breadcrumb\":{\"@id\":\"https:\/\/www.atelierdocaractere.pt\/brevemente\/a-epoca-oficial-do-natal-comeca-ja-este-sabado-no-porto-christmas-village%ef%bb%bf\/#breadcrumb\"},\"inLanguage\":\"pt-PT\",\"potentialAction\":[{\"@type\":\"ReadAction\",\"target\":[\"https:\/\/www.atelierdocaractere.pt\/brevemente\/a-epoca-oficial-do-natal-comeca-ja-este-sabado-no-porto-christmas-village%ef%bb%bf\/\"]}]},{\"@type\":\"BreadcrumbList\",\"@id\":\"https:\/\/www.atelierdocaractere.pt\/brevemente\/a-epoca-oficial-do-natal-comeca-ja-este-sabado-no-porto-christmas-village%ef%bb%bf\/#breadcrumb\",\"itemListElement\":[{\"@type\":\"ListItem\",\"position\":1,\"name\":\"In\u00edcio\",\"item\":\"https:\/\/www.atelierdocaractere.pt\/brevemente\/\"},{\"@type\":\"ListItem\",\"position\":2,\"name\":\"A \u00e9poca oficial do Natal come\u00e7a j\u00e1 este s\u00e1bado no Porto Christmas Village!\ufeff\"}]},{\"@type\":\"WebSite\",\"@id\":\"https:\/\/www.atelierdocaractere.pt\/brevemente\/#website\",\"url\":\"https:\/\/www.atelierdocaractere.pt\/brevemente\/\",\"name\":\"Atelier do Caractere\",\"description\":\"\",\"potentialAction\":[{\"@type\":\"SearchAction\",\"target\":{\"@type\":\"EntryPoint\",\"urlTemplate\":\"https:\/\/www.atelierdocaractere.pt\/brevemente\/?s={search_term_string}\"},\"query-input\":\"required name=search_term_string\"}],\"inLanguage\":\"pt-PT\"},{\"@type\":\"Person\",\"@id\":\"https:\/\/www.atelierdocaractere.pt\/brevemente\/#\/schema\/person\/9cbfe9364f1f340a0e67c62563053c6e\",\"name\":\"editor@atelierdocaractere\",\"image\":{\"@type\":\"ImageObject\",\"inLanguage\":\"pt-PT\",\"@id\":\"https:\/\/www.atelierdocaractere.pt\/brevemente\/#\/schema\/person\/image\/\",\"url\":\"https:\/\/secure.gravatar.com\/avatar\/0fbdb8811d6ce6feb06d4d626953d952?s=96&d=mm&r=g\",\"contentUrl\":\"https:\/\/secure.gravatar.com\/avatar\/0fbdb8811d6ce6feb06d4d626953d952?s=96&d=mm&r=g\",\"caption\":\"editor@atelierdocaractere\"},\"url\":\"https:\/\/www.atelierdocaractere.pt\/brevemente\/author\/editoratelierdocaractere\/\"}]}<\/script>\n<!-- \/ Yoast SEO plugin. -->","yoast_head_json":{"title":"A \u00e9poca oficial do Natal come\u00e7a j\u00e1 este s\u00e1bado no Porto Christmas Village!\ufeff - Atelier do Caractere","robots":{"index":"index","follow":"follow","max-snippet":"max-snippet:-1","max-image-preview":"max-image-preview:large","max-video-preview":"max-video-preview:-1"},"canonical":"https:\/\/www.atelierdocaractere.pt\/brevemente\/a-epoca-oficial-do-natal-comeca-ja-este-sabado-no-porto-christmas-village\ufeff\/","og_locale":"pt_PT","og_type":"article","og_title":"A \u00e9poca oficial do Natal come\u00e7a j\u00e1 este s\u00e1bado no Porto Christmas Village!\ufeff - Atelier do Caractere","og_description":"A inaugura\u00e7\u00e3o do Porto Christmas Village, o primeiro espa\u00e7o indoor de anima\u00e7\u00e3o natal\u00edcia, na cidade do Porto, est\u00e1 marcada para...","og_url":"https:\/\/www.atelierdocaractere.pt\/brevemente\/a-epoca-oficial-do-natal-comeca-ja-este-sabado-no-porto-christmas-village\ufeff\/","og_site_name":"Atelier do Caractere","article_publisher":"https:\/\/www.facebook.com\/AtelierdoCaractere","article_published_time":"2018-11-20T12:00:01+00:00","article_modified_time":"2019-08-17T13:37:48+00:00","og_image":[{"width":1749,"height":2478,"url":"http:\/\/www.atelierdocaractere.pt\/wp-content\/uploads\/2019\/01\/Cartaz_Porto-Christmas-Village.jpg","type":"image\/jpeg"}],"author":"editor@atelierdocaractere","twitter_card":"summary_large_image","twitter_misc":{"Escrito por":"editor@atelierdocaractere","Tempo estimado de leitura":"4 minutos"},"schema":{"@context":"https:\/\/schema.org","@graph":[{"@type":"WebPage","@id":"https:\/\/www.atelierdocaractere.pt\/brevemente\/a-epoca-oficial-do-natal-comeca-ja-este-sabado-no-porto-christmas-village%ef%bb%bf\/","url":"https:\/\/www.atelierdocaractere.pt\/brevemente\/a-epoca-oficial-do-natal-comeca-ja-este-sabado-no-porto-christmas-village%ef%bb%bf\/","name":"A \u00e9poca oficial do Natal come\u00e7a j\u00e1 este s\u00e1bado no Porto Christmas Village!\ufeff - Atelier do Caractere","isPartOf":{"@id":"https:\/\/www.atelierdocaractere.pt\/brevemente\/#website"},"datePublished":"2018-11-20T12:00:01+00:00","dateModified":"2019-08-17T13:37:48+00:00","author":{"@id":"https:\/\/www.atelierdocaractere.pt\/brevemente\/#\/schema\/person\/9cbfe9364f1f340a0e67c62563053c6e"},"breadcrumb":{"@id":"https:\/\/www.atelierdocaractere.pt\/brevemente\/a-epoca-oficial-do-natal-comeca-ja-este-sabado-no-porto-christmas-village%ef%bb%bf\/#breadcrumb"},"inLanguage":"pt-PT","potentialAction":[{"@type":"ReadAction","target":["https:\/\/www.atelierdocaractere.pt\/brevemente\/a-epoca-oficial-do-natal-comeca-ja-este-sabado-no-porto-christmas-village%ef%bb%bf\/"]}]},{"@type":"BreadcrumbList","@id":"https:\/\/www.atelierdocaractere.pt\/brevemente\/a-epoca-oficial-do-natal-comeca-ja-este-sabado-no-porto-christmas-village%ef%bb%bf\/#breadcrumb","itemListElement":[{"@type":"ListItem","position":1,"name":"In\u00edcio","item":"https:\/\/www.atelierdocaractere.pt\/brevemente\/"},{"@type":"ListItem","position":2,"name":"A \u00e9poca oficial do Natal come\u00e7a j\u00e1 este s\u00e1bado no Porto Christmas Village!\ufeff"}]},{"@type":"WebSite","@id":"https:\/\/www.atelierdocaractere.pt\/brevemente\/#website","url":"https:\/\/www.atelierdocaractere.pt\/brevemente\/","name":"Atelier do Caractere","description":"","potentialAction":[{"@type":"SearchAction","target":{"@type":"EntryPoint","urlTemplate":"https:\/\/www.atelierdocaractere.pt\/brevemente\/?s={search_term_string}"},"query-input":"required name=search_term_string"}],"inLanguage":"pt-PT"},{"@type":"Person","@id":"https:\/\/www.atelierdocaractere.pt\/brevemente\/#\/schema\/person\/9cbfe9364f1f340a0e67c62563053c6e","name":"editor@atelierdocaractere","image":{"@type":"ImageObject","inLanguage":"pt-PT","@id":"https:\/\/www.atelierdocaractere.pt\/brevemente\/#\/schema\/person\/image\/","url":"https:\/\/secure.gravatar.com\/avatar\/0fbdb8811d6ce6feb06d4d626953d952?s=96&d=mm&r=g","contentUrl":"https:\/\/secure.gravatar.com\/avatar\/0fbdb8811d6ce6feb06d4d626953d952?s=96&d=mm&r=g","caption":"editor@atelierdocaractere"},"url":"https:\/\/www.atelierdocaractere.pt\/brevemente\/author\/editoratelierdocaractere\/"}]}},"_links":{"self":[{"href":"https:\/\/www.atelierdocaractere.pt\/brevemente\/wp-json\/wp\/v2\/posts\/5909"}],"collection":[{"href":"https:\/\/www.atelierdocaractere.pt\/brevemente\/wp-json\/wp\/v2\/posts"}],"about":[{"href":"https:\/\/www.atelierdocaractere.pt\/brevemente\/wp-json\/wp\/v2\/types\/post"}],"author":[{"embeddable":true,"href":"https:\/\/www.atelierdocaractere.pt\/brevemente\/wp-json\/wp\/v2\/users\/2"}],"replies":[{"embeddable":true,"href":"https:\/\/www.atelierdocaractere.pt\/brevemente\/wp-json\/wp\/v2\/comments?post=5909"}],"version-history":[{"count":1,"href":"https:\/\/www.atelierdocaractere.pt\/brevemente\/wp-json\/wp\/v2\/posts\/5909\/revisions"}],"predecessor-version":[{"id":6522,"href":"https:\/\/www.atelierdocaractere.pt\/brevemente\/wp-json\/wp\/v2\/posts\/5909\/revisions\/6522"}],"wp:featuredmedia":[{"embeddable":true,"href":"https:\/\/www.atelierdocaractere.pt\/brevemente\/wp-json\/wp\/v2\/media\/6496"}],"wp:attachment":[{"href":"https:\/\/www.atelierdocaractere.pt\/brevemente\/wp-json\/wp\/v2\/media?parent=5909"}],"wp:term":[{"taxonomy":"category","embeddable":true,"href":"https:\/\/www.atelierdocaractere.pt\/brevemente\/wp-json\/wp\/v2\/categories?post=5909"},{"taxonomy":"post_tag","embeddable":true,"href":"https:\/\/www.atelierdocaractere.pt\/brevemente\/wp-json\/wp\/v2\/tags?post=5909"}],"curies":[{"name":"wp","href":"https:\/\/api.w.org\/{rel}","templated":true}]}}