{"id":9107,"date":"2020-02-12T11:09:00","date_gmt":"2020-02-12T11:09:00","guid":{"rendered":"http:\/\/www.atelierdocaractere.pt\/?p=9107"},"modified":"2020-02-17T11:15:08","modified_gmt":"2020-02-17T11:15:08","slug":"petrotec-constroi-nova-unidade-de-producao-de-bombas-de-combustivel-na-india","status":"publish","type":"post","link":"https:\/\/www.atelierdocaractere.pt\/brevemente\/petrotec-constroi-nova-unidade-de-producao-de-bombas-de-combustivel-na-india\/","title":{"rendered":"Petrotec constr\u00f3i nova unidade de produ\u00e7\u00e3o   de bombas de combust\u00edvel na \u00cdndia"},"content":{"rendered":"\n<ul><li>Aposta portuguesa, num mercado que vai abrir 15 mil novos postos de abastecimento s\u00f3 at\u00e9 2021. <\/li><li>Um projeto que vai criar 400 empregos e que aponta a um volume de neg\u00f3cios superior a 30 milh\u00f5es de euros.<\/li><\/ul>\n\n\n\n<p>A empresa portuguesa Petrotec \u2013 l\u00edder europeia e refer\u00eancia mundial em tecnologia e servi\u00e7os para a distribui\u00e7\u00e3o e retalho de combust\u00edveis \u2013 vai investir 3 milh\u00f5es de euros numa nova unidade de produ\u00e7\u00e3o de bombas de combust\u00edvel, na \u00cdndia.<\/p>\n\n\n\n<p>J\u00e1 com tecnologia desenvolvida e em fase final de certifica\u00e7\u00e3o, de acordo com a legisla\u00e7\u00e3o indiana, a nova unidade industrial estar\u00e1 preparada para entrar em produ\u00e7\u00e3o, ainda em 2020.  <\/p>\n\n\n\n<figure class=\"wp-block-image size-large\"><img decoding=\"async\" width=\"845\" height=\"1024\" src=\"http:\/\/www.atelierdocaractere.pt\/wp-content\/uploads\/2020\/02\/NUNO-CABRAL-845x1024.jpeg\" alt=\"\" class=\"wp-image-9109\" srcset=\"https:\/\/www.atelierdocaractere.pt\/wp-content\/uploads\/2020\/02\/NUNO-CABRAL-845x1024.jpeg 845w, https:\/\/www.atelierdocaractere.pt\/wp-content\/uploads\/2020\/02\/NUNO-CABRAL-248x300.jpeg 248w, https:\/\/www.atelierdocaractere.pt\/wp-content\/uploads\/2020\/02\/NUNO-CABRAL-768x931.jpeg 768w, https:\/\/www.atelierdocaractere.pt\/wp-content\/uploads\/2020\/02\/NUNO-CABRAL-1268x1536.jpeg 1268w, https:\/\/www.atelierdocaractere.pt\/wp-content\/uploads\/2020\/02\/NUNO-CABRAL-1690x2048.jpeg 1690w, https:\/\/www.atelierdocaractere.pt\/wp-content\/uploads\/2020\/02\/NUNO-CABRAL-scaled.jpeg 1585w\" sizes=\"(max-width: 845px) 100vw, 845px\" \/><\/figure>\n\n\n\n<p>Como sublinha Nuno Cabral, CEO da Petrotec, \u201ccom este investimento estamos a refor\u00e7ar a aposta feita h\u00e1 20 anos, numa \u00e9poca em que poucas empresas viam na \u00cdndia uma oportunidade de neg\u00f3cio. Um projeto que, ao longo dos anos, foi crucial no desenvolvimento e fabrico de tecnologia. Agora entramos numa nova fase: a Petrotec tamb\u00e9m passa a fabricar equipamentos e solu\u00e7\u00f5es para a \u00cdndia. Uma aposta ambiciosa pela dimens\u00e3o e elevada competitividade do mercado, mas tamb\u00e9m pela dist\u00e2ncia e contexto local. Mas, nesse particular, quero real\u00e7ar o apoio dado pela embaixada da \u00cdndia em Portugal, bem como do Governo Portugu\u00eas, atrav\u00e9s da embaixada de Portugal na India e da AICEP, que t\u00eam promovido a rela\u00e7\u00e3o bilateral entre os dois pa\u00edses e dado um importante apoio a este projeto da Petrotec.\u201d<\/p>\n\n\n\n<p>Com uma das maiores e mais din\u00e2micas economias do mundo, a \u00cdndia est\u00e1 a apostar bastante no desenvolvimento das infraestruturas rodovi\u00e1rias, sendo que, s\u00f3 at\u00e9 2021, est\u00e1 prevista a constru\u00e7\u00e3o de 15 mil novos postos de abastecimento[1]. Ou seja, tamb\u00e9m pelas duas d\u00e9cadas de presen\u00e7a direta no pa\u00eds, um mercado estrat\u00e9gico para a Petrotec, mas igualmente para Portugal\u2026 O estreitar das rela\u00e7\u00f5es comerciais com a \u00cdndia est\u00e1 na agenda pol\u00edtica, como prova a visita, em meados de dezembro, do primeiro-ministro, Ant\u00f3nio Costa e o an\u00fancio da visita de Estado do Presidente da Rep\u00fablica, Marcelo Rebelo de Sousa, entre os pr\u00f3ximos dias 13 e 17 de fevereiro.<\/p>\n\n\n\n<p>Com este investimento, a Petrotec estima, no prazo de cinco anos, ultrapassar a fasquia dos 100 milh\u00f5es de euros de volume de neg\u00f3cios do grupo, dos quais 30 por cento s\u00f3 no mercado indiano. A nova unidade industrial Petrotec vai ser implantada em Gandhinagar, capital do estado de Gujarat e terra natal de Mahatma Gandhi, onde vai gerar 400 novos empregos. <\/p>\n\n\n\n<p>A \u00cdndia \u00e9 um dos oito pa\u00edses (em quatro Continentes) onde o Grupo Petrotec est\u00e1 presente de forma direta, com a sua pr\u00f3pria unidade de ind\u00fastria e de neg\u00f3cio. Como reconhece Nuno Cabral, \u201co investimento na \u00cdndia vai de encontro \u00e0 estrat\u00e9gia de refor\u00e7o de globaliza\u00e7\u00e3o do Grupo Petrotec, alavancando toda a atividade na \u00c1sia.<\/p>\n\n\n\n<figure class=\"wp-block-image size-large\"><img decoding=\"async\" width=\"1024\" height=\"724\" src=\"http:\/\/www.atelierdocaractere.pt\/wp-content\/uploads\/2020\/02\/Logo_Grupo-Petrotec-1024x724.jpg\" alt=\"\" class=\"wp-image-9110\" srcset=\"https:\/\/www.atelierdocaractere.pt\/wp-content\/uploads\/2020\/02\/Logo_Grupo-Petrotec-1024x724.jpg 1024w, https:\/\/www.atelierdocaractere.pt\/wp-content\/uploads\/2020\/02\/Logo_Grupo-Petrotec-300x212.jpg 300w, https:\/\/www.atelierdocaractere.pt\/wp-content\/uploads\/2020\/02\/Logo_Grupo-Petrotec-768x543.jpg 768w, https:\/\/www.atelierdocaractere.pt\/wp-content\/uploads\/2020\/02\/Logo_Grupo-Petrotec.jpg 1290w\" sizes=\"(max-width: 1024px) 100vw, 1024px\" \/><\/figure>\n\n\n\n<p>SOBRE O GRUPO PETROTEC<\/p>\n\n\n\n<p>O Grupo Petrotec \u00e9 o l\u00edder europeu e refer\u00eancia mundial na produ\u00e7\u00e3o de tecnologia e servi\u00e7os para a ind\u00fastria de distribui\u00e7\u00e3o e retalho de combust\u00edveis. Empresa fundada por portugueses em 1983, de capital 100% nacional e com sede em Portugal, ao longo de 36 anos a Petrotec evoluiu para um grupo com filiais em cinco continentes e vendas em mais de 80 pa\u00edses que, em 2019, significaram um volume de neg\u00f3cios superior a 80 milh\u00f5es de euros, ultrapassando a fasquia dos 1000 colaboradores a n\u00edvel global.<\/p>\n\n\n\n<p>Parceiro industrial e tecnol\u00f3gico de algumas das maiores companhias petrol\u00edferas do Mundo e retalhistas de combust\u00edvel, o Grupo Petrotec integra clientes como a BP, Cepsa, E&#8217;leclerc, Galp, Intermach\u00e9, Mfg, Morrinsons, Prio, Repsol, Sainsburys, Sonangol, Tesco, Indies, entre outros, distinguindo-se por ser o \u00fanico player do sector capaz de oferecer solu\u00e7\u00f5es globais, adaptadas \u00e0s especificidades de cada parceria.<\/p>\n\n\n\n<p>Desde o desenvolvimento e fabrico de equipamentos (Bombas de combust\u00edvel, meios de pagamento, m\u00e1quinas de lavagem autom\u00f3vel, sistemas de gest\u00e3o e automa\u00e7\u00e3o) para os postos de abastecimento, ao projeto e constru\u00e7\u00e3o de postos de abastecimento e terminais de armazenamento de combust\u00edveis, solu\u00e7\u00f5es de abastecimento aeroportu\u00e1rias e mar\u00edtimas, automa\u00e7\u00e3o e software, a Petrotec desenvolve projetos integrais e customizados. A capacidade industrial, tecnol\u00f3gica e de servi\u00e7os, desenvolvida em Portugal, \u00e9 capaz de se adaptar \u00e0s especificidades dos mais diversos mercados internacionais.<\/p>\n\n\n\n<p>O Grupo Petrotec fecha um ciclo de servi\u00e7os verdadeiramente global, atrav\u00e9s de uma startup vocacionada para o desenvolvimento de carregadores el\u00e9tricos e solu\u00e7\u00f5es capazes de responder ao novo paradigma de mobilidade el\u00e9trica.<\/p>\n\n\n\n<figure class=\"wp-block-image size-large\"><img decoding=\"async\" width=\"1024\" height=\"576\" src=\"http:\/\/www.atelierdocaractere.pt\/wp-content\/uploads\/2020\/02\/PETROTEC-GROUP_VALUE-CHAIN-1024x576.png\" alt=\"\" class=\"wp-image-9111\" srcset=\"https:\/\/www.atelierdocaractere.pt\/wp-content\/uploads\/2020\/02\/PETROTEC-GROUP_VALUE-CHAIN-1024x576.png 1024w, https:\/\/www.atelierdocaractere.pt\/wp-content\/uploads\/2020\/02\/PETROTEC-GROUP_VALUE-CHAIN-300x169.png 300w, https:\/\/www.atelierdocaractere.pt\/wp-content\/uploads\/2020\/02\/PETROTEC-GROUP_VALUE-CHAIN-768x432.png 768w, https:\/\/www.atelierdocaractere.pt\/wp-content\/uploads\/2020\/02\/PETROTEC-GROUP_VALUE-CHAIN.png 1152w\" sizes=\"(max-width: 1024px) 100vw, 1024px\" \/><\/figure>\n\n\n\n<p>DE PORTUGAL PARA O MUNDO<\/p>\n\n\n\n<p>O Grupo Petrotec \u00e9 o \u00fanico player 100% portugu\u00eas neste sector de atividade. Gra\u00e7as \u00e0s especificidades pr\u00f3prias do mercado nacional, foi, com naturalidade, que o Grupo Petrotec adotou uma estrat\u00e9gia de internacionaliza\u00e7\u00e3o para novas geografias. A partir de 1992, para Angola, Espanha, Mo\u00e7ambique, \u00c1frica do Sul, \u00cdndia, Reino Unido e, mais recentemente, M\u00e9xico, sempre numa l\u00f3gica de exporta\u00e7\u00e3o de tecnologia, hardware ou servi\u00e7os.<\/p>\n\n\n\n<p>S\u00f3 no segmento espec\u00edfico de constru\u00e7\u00e3o de bombas de combust\u00edvel, a atividade global coloca o Grupo Petrotec como l\u00edder europeu e quarto maior construtor mundial, sempre com o mesmo perfil de diferencia\u00e7\u00e3o \u2013 solu\u00e7\u00f5es flex\u00edveis e customizadas, que permitem diferenciar-se num cen\u00e1rio de grandes players e de concorr\u00eancia internacional. Em 36 anos de atividade, o Grupo Petrotec instalou mais de 200.000 equipamentos em postos de abastecimento. Hoje tem opera\u00e7\u00f5es diretas em oito pa\u00edses e representa\u00e7\u00e3o em 84.<\/p>\n","protected":false},"excerpt":{"rendered":"<p>Aposta portuguesa, num mercado que vai abrir 15 mil novos postos de abastecimento s\u00f3 at\u00e9 2021. Um projeto que vai&#8230;<\/p>\n","protected":false},"author":2,"featured_media":9108,"comment_status":"closed","ping_status":"open","sticky":false,"template":"","format":"standard","meta":[],"categories":[29],"tags":[335],"yoast_head":"<!-- This site is optimized with the Yoast SEO plugin v20.12 - https:\/\/yoast.com\/wordpress\/plugins\/seo\/ -->\n<title>Petrotec constr\u00f3i nova unidade de produ\u00e7\u00e3o  de bombas de combust\u00edvel na \u00cdndia - Atelier do Caractere<\/title>\n<meta name=\"robots\" content=\"index, follow, max-snippet:-1, max-image-preview:large, max-video-preview:-1\" \/>\n<link rel=\"canonical\" href=\"https:\/\/www.atelierdocaractere.pt\/brevemente\/petrotec-constroi-nova-unidade-de-producao-de-bombas-de-combustivel-na-india\/\" \/>\n<meta property=\"og:locale\" content=\"pt_PT\" \/>\n<meta property=\"og:type\" content=\"article\" \/>\n<meta property=\"og:title\" content=\"Petrotec constr\u00f3i nova unidade de produ\u00e7\u00e3o  de bombas de combust\u00edvel na \u00cdndia - Atelier do Caractere\" \/>\n<meta property=\"og:description\" content=\"Aposta portuguesa, num mercado que vai abrir 15 mil novos postos de abastecimento s\u00f3 at\u00e9 2021. Um projeto que vai...\" \/>\n<meta property=\"og:url\" content=\"https:\/\/www.atelierdocaractere.pt\/brevemente\/petrotec-constroi-nova-unidade-de-producao-de-bombas-de-combustivel-na-india\/\" \/>\n<meta property=\"og:site_name\" content=\"Atelier do Caractere\" \/>\n<meta property=\"article:publisher\" content=\"https:\/\/www.facebook.com\/AtelierdoCaractere\" \/>\n<meta property=\"article:published_time\" content=\"2020-02-12T11:09:00+00:00\" \/>\n<meta property=\"article:modified_time\" content=\"2020-02-17T11:15:08+00:00\" \/>\n<meta property=\"og:image\" content=\"http:\/\/www.atelierdocaractere.pt\/wp-content\/uploads\/2020\/02\/2020_Petrotec_\u00cdndia_Headquarters-scaled.jpg\" \/>\n\t<meta property=\"og:image:width\" content=\"2560\" \/>\n\t<meta property=\"og:image:height\" content=\"1704\" \/>\n\t<meta property=\"og:image:type\" content=\"image\/jpeg\" \/>\n<meta name=\"author\" content=\"editor@atelierdocaractere\" \/>\n<meta name=\"twitter:card\" content=\"summary_large_image\" \/>\n<meta name=\"twitter:label1\" content=\"Escrito por\" \/>\n\t<meta name=\"twitter:data1\" content=\"editor@atelierdocaractere\" \/>\n\t<meta name=\"twitter:label2\" content=\"Tempo estimado de leitura\" \/>\n\t<meta name=\"twitter:data2\" content=\"5 minutos\" \/>\n<script type=\"application\/ld+json\" class=\"yoast-schema-graph\">{\"@context\":\"https:\/\/schema.org\",\"@graph\":[{\"@type\":\"WebPage\",\"@id\":\"https:\/\/www.atelierdocaractere.pt\/brevemente\/petrotec-constroi-nova-unidade-de-producao-de-bombas-de-combustivel-na-india\/\",\"url\":\"https:\/\/www.atelierdocaractere.pt\/brevemente\/petrotec-constroi-nova-unidade-de-producao-de-bombas-de-combustivel-na-india\/\",\"name\":\"Petrotec constr\u00f3i nova unidade de produ\u00e7\u00e3o de bombas de combust\u00edvel na \u00cdndia - Atelier do Caractere\",\"isPartOf\":{\"@id\":\"https:\/\/www.atelierdocaractere.pt\/brevemente\/#website\"},\"datePublished\":\"2020-02-12T11:09:00+00:00\",\"dateModified\":\"2020-02-17T11:15:08+00:00\",\"author\":{\"@id\":\"https:\/\/www.atelierdocaractere.pt\/brevemente\/#\/schema\/person\/9cbfe9364f1f340a0e67c62563053c6e\"},\"breadcrumb\":{\"@id\":\"https:\/\/www.atelierdocaractere.pt\/brevemente\/petrotec-constroi-nova-unidade-de-producao-de-bombas-de-combustivel-na-india\/#breadcrumb\"},\"inLanguage\":\"pt-PT\",\"potentialAction\":[{\"@type\":\"ReadAction\",\"target\":[\"https:\/\/www.atelierdocaractere.pt\/brevemente\/petrotec-constroi-nova-unidade-de-producao-de-bombas-de-combustivel-na-india\/\"]}]},{\"@type\":\"BreadcrumbList\",\"@id\":\"https:\/\/www.atelierdocaractere.pt\/brevemente\/petrotec-constroi-nova-unidade-de-producao-de-bombas-de-combustivel-na-india\/#breadcrumb\",\"itemListElement\":[{\"@type\":\"ListItem\",\"position\":1,\"name\":\"In\u00edcio\",\"item\":\"https:\/\/www.atelierdocaractere.pt\/brevemente\/\"},{\"@type\":\"ListItem\",\"position\":2,\"name\":\"Petrotec constr\u00f3i nova unidade de produ\u00e7\u00e3o de bombas de combust\u00edvel na \u00cdndia\"}]},{\"@type\":\"WebSite\",\"@id\":\"https:\/\/www.atelierdocaractere.pt\/brevemente\/#website\",\"url\":\"https:\/\/www.atelierdocaractere.pt\/brevemente\/\",\"name\":\"Atelier do Caractere\",\"description\":\"\",\"potentialAction\":[{\"@type\":\"SearchAction\",\"target\":{\"@type\":\"EntryPoint\",\"urlTemplate\":\"https:\/\/www.atelierdocaractere.pt\/brevemente\/?s={search_term_string}\"},\"query-input\":\"required name=search_term_string\"}],\"inLanguage\":\"pt-PT\"},{\"@type\":\"Person\",\"@id\":\"https:\/\/www.atelierdocaractere.pt\/brevemente\/#\/schema\/person\/9cbfe9364f1f340a0e67c62563053c6e\",\"name\":\"editor@atelierdocaractere\",\"image\":{\"@type\":\"ImageObject\",\"inLanguage\":\"pt-PT\",\"@id\":\"https:\/\/www.atelierdocaractere.pt\/brevemente\/#\/schema\/person\/image\/\",\"url\":\"https:\/\/secure.gravatar.com\/avatar\/0fbdb8811d6ce6feb06d4d626953d952?s=96&d=mm&r=g\",\"contentUrl\":\"https:\/\/secure.gravatar.com\/avatar\/0fbdb8811d6ce6feb06d4d626953d952?s=96&d=mm&r=g\",\"caption\":\"editor@atelierdocaractere\"},\"url\":\"https:\/\/www.atelierdocaractere.pt\/brevemente\/author\/editoratelierdocaractere\/\"}]}<\/script>\n<!-- \/ Yoast SEO plugin. -->","yoast_head_json":{"title":"Petrotec constr\u00f3i nova unidade de produ\u00e7\u00e3o  de bombas de combust\u00edvel na \u00cdndia - Atelier do Caractere","robots":{"index":"index","follow":"follow","max-snippet":"max-snippet:-1","max-image-preview":"max-image-preview:large","max-video-preview":"max-video-preview:-1"},"canonical":"https:\/\/www.atelierdocaractere.pt\/brevemente\/petrotec-constroi-nova-unidade-de-producao-de-bombas-de-combustivel-na-india\/","og_locale":"pt_PT","og_type":"article","og_title":"Petrotec constr\u00f3i nova unidade de produ\u00e7\u00e3o  de bombas de combust\u00edvel na \u00cdndia - Atelier do Caractere","og_description":"Aposta portuguesa, num mercado que vai abrir 15 mil novos postos de abastecimento s\u00f3 at\u00e9 2021. Um projeto que vai...","og_url":"https:\/\/www.atelierdocaractere.pt\/brevemente\/petrotec-constroi-nova-unidade-de-producao-de-bombas-de-combustivel-na-india\/","og_site_name":"Atelier do Caractere","article_publisher":"https:\/\/www.facebook.com\/AtelierdoCaractere","article_published_time":"2020-02-12T11:09:00+00:00","article_modified_time":"2020-02-17T11:15:08+00:00","og_image":[{"width":2560,"height":1704,"url":"http:\/\/www.atelierdocaractere.pt\/wp-content\/uploads\/2020\/02\/2020_Petrotec_\u00cdndia_Headquarters-scaled.jpg","type":"image\/jpeg"}],"author":"editor@atelierdocaractere","twitter_card":"summary_large_image","twitter_misc":{"Escrito por":"editor@atelierdocaractere","Tempo estimado de leitura":"5 minutos"},"schema":{"@context":"https:\/\/schema.org","@graph":[{"@type":"WebPage","@id":"https:\/\/www.atelierdocaractere.pt\/brevemente\/petrotec-constroi-nova-unidade-de-producao-de-bombas-de-combustivel-na-india\/","url":"https:\/\/www.atelierdocaractere.pt\/brevemente\/petrotec-constroi-nova-unidade-de-producao-de-bombas-de-combustivel-na-india\/","name":"Petrotec constr\u00f3i nova unidade de produ\u00e7\u00e3o de bombas de combust\u00edvel na \u00cdndia - Atelier do Caractere","isPartOf":{"@id":"https:\/\/www.atelierdocaractere.pt\/brevemente\/#website"},"datePublished":"2020-02-12T11:09:00+00:00","dateModified":"2020-02-17T11:15:08+00:00","author":{"@id":"https:\/\/www.atelierdocaractere.pt\/brevemente\/#\/schema\/person\/9cbfe9364f1f340a0e67c62563053c6e"},"breadcrumb":{"@id":"https:\/\/www.atelierdocaractere.pt\/brevemente\/petrotec-constroi-nova-unidade-de-producao-de-bombas-de-combustivel-na-india\/#breadcrumb"},"inLanguage":"pt-PT","potentialAction":[{"@type":"ReadAction","target":["https:\/\/www.atelierdocaractere.pt\/brevemente\/petrotec-constroi-nova-unidade-de-producao-de-bombas-de-combustivel-na-india\/"]}]},{"@type":"BreadcrumbList","@id":"https:\/\/www.atelierdocaractere.pt\/brevemente\/petrotec-constroi-nova-unidade-de-producao-de-bombas-de-combustivel-na-india\/#breadcrumb","itemListElement":[{"@type":"ListItem","position":1,"name":"In\u00edcio","item":"https:\/\/www.atelierdocaractere.pt\/brevemente\/"},{"@type":"ListItem","position":2,"name":"Petrotec constr\u00f3i nova unidade de produ\u00e7\u00e3o de bombas de combust\u00edvel na \u00cdndia"}]},{"@type":"WebSite","@id":"https:\/\/www.atelierdocaractere.pt\/brevemente\/#website","url":"https:\/\/www.atelierdocaractere.pt\/brevemente\/","name":"Atelier do Caractere","description":"","potentialAction":[{"@type":"SearchAction","target":{"@type":"EntryPoint","urlTemplate":"https:\/\/www.atelierdocaractere.pt\/brevemente\/?s={search_term_string}"},"query-input":"required name=search_term_string"}],"inLanguage":"pt-PT"},{"@type":"Person","@id":"https:\/\/www.atelierdocaractere.pt\/brevemente\/#\/schema\/person\/9cbfe9364f1f340a0e67c62563053c6e","name":"editor@atelierdocaractere","image":{"@type":"ImageObject","inLanguage":"pt-PT","@id":"https:\/\/www.atelierdocaractere.pt\/brevemente\/#\/schema\/person\/image\/","url":"https:\/\/secure.gravatar.com\/avatar\/0fbdb8811d6ce6feb06d4d626953d952?s=96&d=mm&r=g","contentUrl":"https:\/\/secure.gravatar.com\/avatar\/0fbdb8811d6ce6feb06d4d626953d952?s=96&d=mm&r=g","caption":"editor@atelierdocaractere"},"url":"https:\/\/www.atelierdocaractere.pt\/brevemente\/author\/editoratelierdocaractere\/"}]}},"_links":{"self":[{"href":"https:\/\/www.atelierdocaractere.pt\/brevemente\/wp-json\/wp\/v2\/posts\/9107"}],"collection":[{"href":"https:\/\/www.atelierdocaractere.pt\/brevemente\/wp-json\/wp\/v2\/posts"}],"about":[{"href":"https:\/\/www.atelierdocaractere.pt\/brevemente\/wp-json\/wp\/v2\/types\/post"}],"author":[{"embeddable":true,"href":"https:\/\/www.atelierdocaractere.pt\/brevemente\/wp-json\/wp\/v2\/users\/2"}],"replies":[{"embeddable":true,"href":"https:\/\/www.atelierdocaractere.pt\/brevemente\/wp-json\/wp\/v2\/comments?post=9107"}],"version-history":[{"count":1,"href":"https:\/\/www.atelierdocaractere.pt\/brevemente\/wp-json\/wp\/v2\/posts\/9107\/revisions"}],"predecessor-version":[{"id":9112,"href":"https:\/\/www.atelierdocaractere.pt\/brevemente\/wp-json\/wp\/v2\/posts\/9107\/revisions\/9112"}],"wp:featuredmedia":[{"embeddable":true,"href":"https:\/\/www.atelierdocaractere.pt\/brevemente\/wp-json\/wp\/v2\/media\/9108"}],"wp:attachment":[{"href":"https:\/\/www.atelierdocaractere.pt\/brevemente\/wp-json\/wp\/v2\/media?parent=9107"}],"wp:term":[{"taxonomy":"category","embeddable":true,"href":"https:\/\/www.atelierdocaractere.pt\/brevemente\/wp-json\/wp\/v2\/categories?post=9107"},{"taxonomy":"post_tag","embeddable":true,"href":"https:\/\/www.atelierdocaractere.pt\/brevemente\/wp-json\/wp\/v2\/tags?post=9107"}],"curies":[{"name":"wp","href":"https:\/\/api.w.org\/{rel}","templated":true}]}}